{"id":368345,"date":"2018-03-15T00:00:55","date_gmt":"2018-03-15T06:00:55","guid":{"rendered":"http:\/\/www.diarioimagen.net\/?p=368345"},"modified":"2018-03-15T05:45:06","modified_gmt":"2018-03-15T11:45:06","slug":"corral-ya-se-sentia-paladin-de-la-democracia","status":"publish","type":"post","link":"https:\/\/www.diarioimagen.net\/?p=368345","title":{"rendered":"Corral ya se sent\u00eda \u201cpalad\u00edn\u201d de la democracia"},"content":{"rendered":"<h2>La Retaguardia<\/h2>\n<h5>Adriana Moreno Cordero<\/h5>\n<p>&nbsp;<\/p>\n<ul>\n<li><strong><em>Hizo berrinche de pron\u00f3stico reservado\u00a0 &#8211; Anaya y su \u201ctango\u201d<\/em><\/strong><\/li>\n<\/ul>\n<p>&nbsp;<\/p>\n<p>Berrinche de pron\u00f3stico reservado el que hizo el gobernador de Chihuahua, <strong>Javier Corral<\/strong> porque todas sus expectativas de que le abrieran proceso a su antecesor, C\u00e9sar Duarte, se le vinieron por tierra. \u00a1L\u00e1stima!, porque el controvertido panista ya se sent\u00eda el \u201cpalad\u00edn\u201d de la democracia con aquella marcha que encabez\u00f3 desde su tierra a la Ciudad de M\u00e9xico y que acab\u00f3 en una conferencia conjunta con el secretario de Gobernaci\u00f3n, <strong>Alfonso Navarrete Prida.<\/strong><\/p>\n<p>\u201cVerde\u201d de coraje, el panista consider\u00f3 vergonzoso el uso pol\u00edtico que le ha dado el gobierno federal a la PGR, coloc\u00e1ndose as\u00ed, exactamente en la misma sinton\u00eda que el candidato presidencial de la coalici\u00f3n \u201cPor M\u00e9xico al Frente\u201d, <strong>Ricardo Anaya<\/strong>, al que \u00faltimamente le ha dado por enfrentarse abiertamente al gobierno con tal de correr \u201cuna cortina de humo\u201d sobre el esc\u00e1ndalo que ha estallado en torno a su persona.<\/p>\n<p>En este punto, hay que recordar lo dicho por el coordinador de la campa\u00f1a presidencial del PRI, <strong>Aurelio Nu\u00f1o<\/strong>, respecto a que la madrugada de ayer, alrededor de 30 personas se presentaron al Aeropuerto con cartulinas agrediendo al \u201cJoven Maravilla\u201d, lo que le molest\u00f3 much\u00edsimo.<\/p>\n<p>Para el ex titular de la SEP, Anaya est\u00e1 obsesionado por llegar a ser Presidente de la Rep\u00fablica, por eso se victimiza y chantajea, \u201ceste es un show de Ricardo que se pinta solo para victimizarse. Es parte de su estrategia porque no tiene argumentos y no ha podido demostrar que no est\u00e1 involucrado en una operaci\u00f3n de lavado de dinero\u201d.<\/p>\n<p>\u201cLes quiero platicar el \u00faltimo cap\u00edtulo de la guerra sucia del PRI\u201d, grab\u00f3 en la red Anaya Cort\u00e9s y volvi\u00f3 a exigir al Presidente <strong>Enrique Pe\u00f1a<\/strong> y a la PGR que saquen las manos del proceso.<\/p>\n<p>En respuesta a los dichos del panista, Nu\u00f1o Mayer agreg\u00f3 que Anaya \u201cest\u00e1 haciendo un tango\u201d que no tiene m\u00e1s que tomarse con \u201cchunga\u201d porque esta situaci\u00f3n, llega a lo rid\u00edculo.<\/p>\n<p>Pero volviendo al caso del gobernador Corral, que insiste en ponerse en la misma sinton\u00eda \u201cvictimizante\u201d del ex l\u00edder del PAN, habr\u00eda que recordarle al Ejecutivo estatal que la resoluci\u00f3n se\u00f1alada es en torno a una sola denuncia, porque las dem\u00e1s, de acuerdo a la propia PGR, siguen su curso, pero eso s\u00ed, hay que esperar.<\/p>\n<p>Sin embargo, el controvertido gobernador se empe\u00f1\u00f3 tambi\u00e9n en despotricar, en este caso contra la PGR y dijo que con el no ejercicio de la acci\u00f3n penal en contra de Duarte J\u00e1quez, \u201cest\u00e1 ante nosotros con toda claridad el cinismo de un r\u00e9gimen que utiliza a la Procuradur\u00eda General de la Rep\u00fablica\u201d para perseguir a sus adversarios pol\u00edticos\u201d.<\/p>\n<p>Como puede observarse, el gobernador chihuahuense hizo acusaciones muy delicadas que sin duda, est\u00e1 obligado a demostrar en el sentido de que: \u201cesta resoluci\u00f3n (a favor de Duarte J\u00e1quez), lo \u00fanico que nos confirma es que el Presidente de la Rep\u00fablica no ha podido superar el compromiso pol\u00edtico de protecci\u00f3n que tiene hacia el ex gobernador de Chihuahua C\u00e9sar Duarte\u201d. Lo dicho, igualito que Ricardo Anaya, \u00bfo no?<\/p>\n<p><strong>Municiones<\/strong><\/p>\n<p>*** El pr\u00f3ximo s\u00e1bado 17 de marzo, Azteca Uno, transmitir\u00e1 un importante documental, a prop\u00f3sito del sismo del pasado 19 de septiembre. Bajo el t\u00edtulo: \u201cLa Zona S\u00edsmica que Vivimos\u201d, que es un viaje fascinante que nos lleva hasta el centro mismo del planeta y nos trae a la superficie para entender c\u00f3mo y por qu\u00e9 suceden los terremotos y se plantea una inquietante pregunta: \u00bftenemos las normas y reglamentos de construcci\u00f3n apropiados para una zona s\u00edsmica? Esto es parte del compromiso asumido por <strong>Benjam\u00edn Salinas Sada<\/strong> por ofrecer contenidos de alta calidad para el telespectador.<\/p>\n<p>*** Los \u201cchapulineos\u201d de uno a otro partido pol\u00edtico contin\u00faan y ayer, no fue la excepci\u00f3n. El diputado <strong>Ricardo Sheffield Padilla<\/strong> renunci\u00f3 al PAN luego de 25 a\u00f1os de militancia para incorporarse (adivina adivinador\u201d), ni m\u00e1s ni menos que a la coalici\u00f3n que conformaron en Guanajuato, Morena, PT y Encuentro Social, para buscar la\u00a0 candidatura a la presidencia municipal de Le\u00f3n.<\/p>\n<p>Se dice que el ahora flamante ex panista no la tiene f\u00e1cil, pues tambi\u00e9n aspira un ex pri\u00edsta: <strong>Aurelio Mart\u00ednez Vel\u00e1zquez<\/strong>. Antes de irse, por supuesto, el diputado Sheffield acus\u00f3 al gobernador <strong>Miguel M\u00e1rquez M\u00e1rquez<\/strong>, de adue\u00f1arse de la selecci\u00f3n y correspondiente \u201cpalomeo\u201d de las candidaturas de ese estado.<\/p>\n<p>*** El director del Grupo Aeroportuario de la Ciudad de M\u00e9xico, <strong>Federico Pati\u00f1o<\/strong>, asegur\u00f3 que renunciar a las nuevas\u00a0 obras de la terminal a\u00e9rea, significar\u00eda renunciar al 3.3% del PIB, al tiempo que destac\u00f3 que con una demanda de alrededor de 42 millones de pasajeros, el actual aeropuerto est\u00e1 saturado. En la visita que hicieron ayer los coordinadores del PRI en el Senado de la Rep\u00fablica, <strong>Emilio Gamboa<\/strong> y la C\u00e1mara de diputados, <strong>Carlos Iriarte<\/strong>, el titular de la SCT, <strong>Gerardo Ruiz Esparza<\/strong> hizo hincapi\u00e9 en que no puede el pa\u00eds suspender una obra de esta dimensi\u00f3n de un d\u00eda para otro porque tendr\u00eda efectos catastr\u00f3ficos, am\u00e9n de que a estas alturas, ya existe una importante inversi\u00f3n en el Nuevo Aeropuerto de alrededor de 150 mil millones de pesos por contratos con 300 empresas mexicanas; siete mil 500 millones de d\u00f3lares.<\/p>\n<p><a href=\"mailto:morcora@gmail.com\" target=\"_blank\" rel=\"noopener\"><em>morcora@gmail.com<\/em><\/a><\/p>\n","protected":false},"excerpt":{"rendered":"<p><span style=\"color: #005497;\"><strong>Adriana Moreno Cordero<\/strong><\/span><\/p>\n","protected":false},"author":3,"featured_media":0,"comment_status":"open","ping_status":"open","sticky":false,"template":"","format":"standard","meta":{"_monsterinsights_skip_tracking":false,"_monsterinsights_sitenote_active":false,"_monsterinsights_sitenote_note":"","_monsterinsights_sitenote_category":0,"footnotes":""},"categories":[69370],"tags":[69369,69368,43674],"class_list":["post-368345","post","type-post","status-publish","format-standard","hentry","category-adriana-moreno-cordero","tag-adriana-moreno-cordero","tag-la-retaguardia","tag-opinion"],"_links":{"self":[{"href":"https:\/\/www.diarioimagen.net\/index.php?rest_route=\/wp\/v2\/posts\/368345","targetHints":{"allow":["GET"]}}],"collection":[{"href":"https:\/\/www.diarioimagen.net\/index.php?rest_route=\/wp\/v2\/posts"}],"about":[{"href":"https:\/\/www.diarioimagen.net\/index.php?rest_route=\/wp\/v2\/types\/post"}],"author":[{"embeddable":true,"href":"https:\/\/www.diarioimagen.net\/index.php?rest_route=\/wp\/v2\/users\/3"}],"replies":[{"embeddable":true,"href":"https:\/\/www.diarioimagen.net\/index.php?rest_route=%2Fwp%2Fv2%2Fcomments&post=368345"}],"version-history":[{"count":0,"href":"https:\/\/www.diarioimagen.net\/index.php?rest_route=\/wp\/v2\/posts\/368345\/revisions"}],"wp:attachment":[{"href":"https:\/\/www.diarioimagen.net\/index.php?rest_route=%2Fwp%2Fv2%2Fmedia&parent=368345"}],"wp:term":[{"taxonomy":"category","embeddable":true,"href":"https:\/\/www.diarioimagen.net\/index.php?rest_route=%2Fwp%2Fv2%2Fcategories&post=368345"},{"taxonomy":"post_tag","embeddable":true,"href":"https:\/\/www.diarioimagen.net\/index.php?rest_route=%2Fwp%2Fv2%2Ftags&post=368345"}],"curies":[{"name":"wp","href":"https:\/\/api.w.org\/{rel}","templated":true}]}}