{"id":368490,"date":"2018-03-16T00:10:41","date_gmt":"2018-03-16T06:10:41","guid":{"rendered":"http:\/\/www.diarioimagen.net\/?p=368490"},"modified":"2018-03-16T08:03:53","modified_gmt":"2018-03-16T14:03:53","slug":"amlo-pide-a-marina-pruebas-de-que-narco-interviene-en-proceso","status":"publish","type":"post","link":"https:\/\/www.diarioimagen.net\/?p=368490","title":{"rendered":"AMLO pide a Marina pruebas de que <em>narco<\/em> interviene en proceso"},"content":{"rendered":"<ul>\n<li><strong><em>Afirma que \u00e9l no ha visto injerencia<\/em><\/strong><\/li>\n<\/ul>\n<p>&nbsp;<\/p>\n<div id=\"attachment_368560\" style=\"width: 470px\" class=\"wp-caption aligncenter\"><a href=\"http:\/\/www.diarioimagen.net\/?attachment_id=368560\" rel=\"attachment wp-att-368560\"><img loading=\"lazy\" decoding=\"async\" aria-describedby=\"caption-attachment-368560\" class=\"size-large wp-image-368560\" src=\"http:\/\/www.diarioimagen.net\/wp-content\/uploads\/2018\/03\/AMLO-3328-460x259.jpg\" alt=\"\" width=\"460\" height=\"259\" srcset=\"https:\/\/www.diarioimagen.net\/wp-content\/uploads\/2018\/03\/AMLO-3328-460x259.jpg 460w, https:\/\/www.diarioimagen.net\/wp-content\/uploads\/2018\/03\/AMLO-3328-240x135.jpg 240w, https:\/\/www.diarioimagen.net\/wp-content\/uploads\/2018\/03\/AMLO-3328-235x132.jpg 235w, https:\/\/www.diarioimagen.net\/wp-content\/uploads\/2018\/03\/AMLO-3328-202x114.jpg 202w, https:\/\/www.diarioimagen.net\/wp-content\/uploads\/2018\/03\/AMLO-3328-350x196.jpg 350w, https:\/\/www.diarioimagen.net\/wp-content\/uploads\/2018\/03\/AMLO-3328-220x123.jpg 220w, https:\/\/www.diarioimagen.net\/wp-content\/uploads\/2018\/03\/AMLO-3328-237x132.jpg 237w, https:\/\/www.diarioimagen.net\/wp-content\/uploads\/2018\/03\/AMLO-3328.jpg 480w\" sizes=\"auto, (max-width: 460px) 100vw, 460px\" \/><\/a><p id=\"caption-attachment-368560\" class=\"wp-caption-text\">Andr\u00e9s Manuel L\u00f3pez Obrador dice que no ha visto que el crimen organizado est\u00e9 interviniendo en la elecci\u00f3n.<\/p><\/div>\n<p>&nbsp;<\/p>\n<p>Andr\u00e9s Manuel L\u00f3pez Obrador pidi\u00f3 a los mandos de la Marina presentar pruebas de la injerencia de capos del crimen organizado, que est\u00e1n a favor de candidatos para los comicios de julio entrante.<\/p>\n<p>\u201cYo ando abajo y sin protecci\u00f3n, no traigo guardaespaldas, y recorro todo el pa\u00eds, y s\u00e9 lo que est\u00e1 sucediendo en todo M\u00e9xico (&#8230;) y no he visto eso que ellos est\u00e1n denunciando, a lo mejor tienen ellos pruebas, que las presenten, y ser\u00eda mejor que no se dieran estos casos, esas asociaciones delictuosas\u201d, asegur\u00f3.<\/p>\n<p>Luego de reunirse en Sonora con militantes de Morena, el tabasque\u00f1o destac\u00f3 que tanto el Ej\u00e9rcito como la Marina son instituciones muy importantes para el pa\u00eds y ofreci\u00f3 respetarlas en caso de llegar a la Presidencia.<\/p>\n<p>\u201cLos soldados son pueblo uniformado, los marinos tambi\u00e9n, son leales a las instituciones y van a ser respetuosos de la decisi\u00f3n que va a tomar el pueblo de M\u00e9xico, van a ser respetuosos de la democracia.<\/p>\n<p>\u201cTambi\u00e9n les digo, pero esto off the record, que no se sepa, los soldados y los marinos, en su mayor\u00eda, van a votar por ya saben qui\u00e9n\u201d, asever\u00f3 el candidato de la coalici\u00f3n Juntos Haremos Historia.<\/p>\n<p>En Hermosillo, tambi\u00e9n se refiri\u00f3 a la selecci\u00f3n de los secretarios de la Defensa como de la Marina, y adelant\u00f3 que en su momento pedir\u00e1 a los mandos actuales ternas y se tratar\u00e1 de un general y un almirante en activo y no ser\u00e1n externos.<\/p>\n<p>\u201cNada m\u00e1s que no se excluya, que se haga un an\u00e1lisis, una revisi\u00f3n, una selecci\u00f3n profesional, en su momento se les va pedir a ellos que presenten ternas para que no haya necesidad de que se presenten ternas de cuatro como dec\u00eda don Adolfo Ruiz Cortines, porque tambi\u00e9n hay termas de cuatro\u201d, dijo.<\/p>\n<p style=\"text-align: center;\"><strong>Promete generar condiciones para inversi\u00f3n<\/strong><\/p>\n<p>Previo a una reuni\u00f3n con empresarios de diversas regiones de Sonora, plante\u00f3 que los inversionistas no van a tener ning\u00fan problema para desarrollar sus proyectos.<\/p>\n<p>\u201cSe va a respetar a los inversionistas\u201d, enfatiz\u00f3 el aspirante a la Presidencia de la Rep\u00fablica,<\/p>\n<p>Va a haber un aut\u00e9ntico estado de derecho, no se va a afectar a inversionistas, sino al contrario, se van a crear condiciones para que haya m\u00e1s inversi\u00f3n privada nacional y extranjera.<\/p>\n<p>L\u00f3pez Obrador, quien estuvo acompa\u00f1ado del ex jefe de gobierno del Distrito Federal, Marcelo Ebrard, destac\u00f3 que \u201cno tiene por qu\u00e9 haber nerviosismo\u201d.<\/p>\n<p>Por otra parte, el abanderado de la coalici\u00f3n Juntos Haremos Historia manifest\u00f3 que de ganar las pr\u00f3ximas elecciones presidenciales, habr\u00e1 respeto a la prensa para que pueda llevar a cabo su trabajo en absoluta libertad.<\/p>\n<p>Respecto a la legalizaci\u00f3n del uso l\u00fadico de la marihuana en M\u00e9xico, expuso que se analizar\u00e1n todas las propuestas, \u201cno descartamos nada, todas las propuestas, porque lo m\u00e1s importante es conseguir la paz\u201d.<\/p>\n","protected":false},"excerpt":{"rendered":"<p>Andr\u00e9s Manuel L\u00f3pez Obrador pidi\u00f3 a los mandos de la Marina presentar pruebas de la injerencia de capos del crimen organizado, que est\u00e1n a favor de candidatos para los comicios de julio entrante.<\/p>\n","protected":false},"author":3,"featured_media":368560,"comment_status":"open","ping_status":"open","sticky":false,"template":"","format":"standard","meta":{"_monsterinsights_skip_tracking":false,"_monsterinsights_sitenote_active":false,"_monsterinsights_sitenote_note":"","_monsterinsights_sitenote_category":0,"footnotes":""},"categories":[3],"tags":[1352,1216,4590],"class_list":["post-368490","post","type-post","status-publish","format-standard","has-post-thumbnail","hentry","category-nacional","tag-andres-manuel-lopez-obrador","tag-narcotrafico","tag-proceso"],"_links":{"self":[{"href":"https:\/\/www.diarioimagen.net\/index.php?rest_route=\/wp\/v2\/posts\/368490","targetHints":{"allow":["GET"]}}],"collection":[{"href":"https:\/\/www.diarioimagen.net\/index.php?rest_route=\/wp\/v2\/posts"}],"about":[{"href":"https:\/\/www.diarioimagen.net\/index.php?rest_route=\/wp\/v2\/types\/post"}],"author":[{"embeddable":true,"href":"https:\/\/www.diarioimagen.net\/index.php?rest_route=\/wp\/v2\/users\/3"}],"replies":[{"embeddable":true,"href":"https:\/\/www.diarioimagen.net\/index.php?rest_route=%2Fwp%2Fv2%2Fcomments&post=368490"}],"version-history":[{"count":0,"href":"https:\/\/www.diarioimagen.net\/index.php?rest_route=\/wp\/v2\/posts\/368490\/revisions"}],"wp:featuredmedia":[{"embeddable":true,"href":"https:\/\/www.diarioimagen.net\/index.php?rest_route=\/wp\/v2\/media\/368560"}],"wp:attachment":[{"href":"https:\/\/www.diarioimagen.net\/index.php?rest_route=%2Fwp%2Fv2%2Fmedia&parent=368490"}],"wp:term":[{"taxonomy":"category","embeddable":true,"href":"https:\/\/www.diarioimagen.net\/index.php?rest_route=%2Fwp%2Fv2%2Fcategories&post=368490"},{"taxonomy":"post_tag","embeddable":true,"href":"https:\/\/www.diarioimagen.net\/index.php?rest_route=%2Fwp%2Fv2%2Ftags&post=368490"}],"curies":[{"name":"wp","href":"https:\/\/api.w.org\/{rel}","templated":true}]}}