{"id":368492,"date":"2018-03-16T00:09:34","date_gmt":"2018-03-16T06:09:34","guid":{"rendered":"http:\/\/www.diarioimagen.net\/?p=368492"},"modified":"2018-03-16T08:06:46","modified_gmt":"2018-03-16T14:06:46","slug":"anaya-pide-garantizar-seguridad-a-candidatos","status":"publish","type":"post","link":"https:\/\/www.diarioimagen.net\/?p=368492","title":{"rendered":"Anaya pide garantizar seguridad a candidatos"},"content":{"rendered":"<ul>\n<li><strong><em>Viaja a Chile<\/em><\/strong><\/li>\n<\/ul>\n<p>&nbsp;<\/p>\n<div id=\"attachment_368563\" style=\"width: 470px\" class=\"wp-caption aligncenter\"><a href=\"http:\/\/www.diarioimagen.net\/?attachment_id=368563\" rel=\"attachment wp-att-368563\"><img loading=\"lazy\" decoding=\"async\" aria-describedby=\"caption-attachment-368563\" class=\"size-large wp-image-368563\" src=\"http:\/\/www.diarioimagen.net\/wp-content\/uploads\/2018\/03\/ANAYA-3328-460x259.jpg\" alt=\"\" width=\"460\" height=\"259\" srcset=\"https:\/\/www.diarioimagen.net\/wp-content\/uploads\/2018\/03\/ANAYA-3328-460x259.jpg 460w, https:\/\/www.diarioimagen.net\/wp-content\/uploads\/2018\/03\/ANAYA-3328-240x135.jpg 240w, https:\/\/www.diarioimagen.net\/wp-content\/uploads\/2018\/03\/ANAYA-3328-235x132.jpg 235w, https:\/\/www.diarioimagen.net\/wp-content\/uploads\/2018\/03\/ANAYA-3328-202x114.jpg 202w, https:\/\/www.diarioimagen.net\/wp-content\/uploads\/2018\/03\/ANAYA-3328-350x196.jpg 350w, https:\/\/www.diarioimagen.net\/wp-content\/uploads\/2018\/03\/ANAYA-3328-220x123.jpg 220w, https:\/\/www.diarioimagen.net\/wp-content\/uploads\/2018\/03\/ANAYA-3328-237x132.jpg 237w, https:\/\/www.diarioimagen.net\/wp-content\/uploads\/2018\/03\/ANAYA-3328.jpg 480w\" sizes=\"auto, (max-width: 460px) 100vw, 460px\" \/><\/a><p id=\"caption-attachment-368563\" class=\"wp-caption-text\">Ricardo Anaya Cort\u00e9s se\u00f1al\u00f3 que es fundamental garantizar seguridad, no s\u00f3lo a los candidatos sino a la ciudadan\u00eda.<\/p><\/div>\n<p>&nbsp;<\/p>\n<p>El candidato de la coalici\u00f3n Por M\u00e9xico al Frente, Ricardo Anaya Cort\u00e9s, indic\u00f3 que es fundamental garantizar seguridad, no s\u00f3lo a los candidatos, sino a la ciudadan\u00eda, para evitar que el crimen organizado intervenga en los procesos electorales de este a\u00f1o.<\/p>\n<p>\u201cLo que queremos es que haya una jornada electoral que sea absolutamente pac\u00edfica y en las que las personas puedan ejercer su voto con absoluta libertad\u201d, expres\u00f3 en entrevista al t\u00e9rmino de su intervenci\u00f3n en la reuni\u00f3n de la Asociaci\u00f3n Mexicana de Capital Privado A.C.<\/p>\n<p>Sobre el tema de los recursos econ\u00f3micos para quienes aspiran a una candidatura independiente a la Presidencia de la Rep\u00fablica, opin\u00f3 que el financiamiento tiene una l\u00f3gica de ser, por lo que es necesario ajustarse a las reglas que marca la autoridad y el marco legal. En este marco Anaya Cort\u00e9s dio a conocer que viajar\u00e1 a Chile, donde se reunir\u00e1 con el presidente de esa naci\u00f3n, como parte de las visitas que hace al extranjero, para fortalecer los conocimientos y experiencias de los gobiernos de coalici\u00f3n.<\/p>\n<p style=\"text-align: center;\"><strong>\u201cUna locura,\u00a0<\/strong><strong>perd\u00f3n a Duarte\u201d<\/strong><\/p>\n<p>Sobre la exoneraci\u00f3n de la PGR al ex gobernador de Chihuahua, C\u00e9sar Duarte, el candidato presidencial panista se\u00f1al\u00f3 que es una locura. \u201cAhora s\u00ed esto es el mundo al rev\u00e9s. Esto es de verdadera locura en lo que ha ca\u00eddo el gobierno federal y la PGR\u201d.<\/p>\n<p>\u201cResulta que la PGR, al tiempo que exonera de todos los delitos federales a C\u00e9sar Duarte, a quien le han encontrado ranchos de miles de hect\u00e1reas, cabezas de ganado, la propiedad de un banco, lo exonera la PGR. Y en cambio, s\u00ed est\u00e1n muy buenos para estar atacando, hostigando, calumniando a los opositores, en este caso, a m\u00ed como candidato presidencial de un partido pol\u00edtico, distinto simplemente porque soy cr\u00edtico del r\u00e9gimen\u201d, concluy\u00f3.<\/p>\n<p>\u201cPara acabar con la corrupci\u00f3n un paso indispensable es transitar de esta PGR facciosa e ineficaz a una Fiscal\u00eda General. \u00bfVieron la noticia de ayer? C\u00e9sar Duarte, el ex Gobernador de Chihuahua. Le han incautado ranchos que miden tres mil hect\u00e1reas, con miles de cabezas de ganado, cre\u00f3 un banco, pues ayer la extraordinaria PGR que tenemos exoner\u00f3 a C\u00e9sar Duarte de absolutamente todos los delitos federales. El se\u00f1or est\u00e1 libre de cualquier investigaci\u00f3n por delitos federales\u201d, critic\u00f3.<\/p>\n<p>La PGR archiv\u00f3 la averiguaci\u00f3n previa que llevaba en contra del ex Mandatario de Chihuahua por lavado de dinero, delito bancario y defraudaci\u00f3n fiscal al estimar que no existen indicios probatorios en su contra.<\/p>\n","protected":false},"excerpt":{"rendered":"<p>El candidato de la coalici\u00f3n Por M\u00e9xico al Frente, Ricardo Anaya Cort\u00e9s, indic\u00f3 que es fundamental garantizar seguridad, no s\u00f3lo a los candidatos, sino a la ciudadan\u00eda, para evitar que el crimen organizado intervenga en los procesos electorales de este a\u00f1o.<\/p>\n","protected":false},"author":3,"featured_media":368563,"comment_status":"open","ping_status":"open","sticky":false,"template":"","format":"standard","meta":{"_monsterinsights_skip_tracking":false,"_monsterinsights_sitenote_active":false,"_monsterinsights_sitenote_note":"","_monsterinsights_sitenote_category":0,"footnotes":""},"categories":[3],"tags":[4432,43673,1216,7347,43677],"class_list":["post-368492","post","type-post","status-publish","format-standard","has-post-thumbnail","hentry","category-nacional","tag-candidatos","tag-nacional","tag-narcotrafico","tag-ricardo-anaya-cortes","tag-seguridad"],"_links":{"self":[{"href":"https:\/\/www.diarioimagen.net\/index.php?rest_route=\/wp\/v2\/posts\/368492","targetHints":{"allow":["GET"]}}],"collection":[{"href":"https:\/\/www.diarioimagen.net\/index.php?rest_route=\/wp\/v2\/posts"}],"about":[{"href":"https:\/\/www.diarioimagen.net\/index.php?rest_route=\/wp\/v2\/types\/post"}],"author":[{"embeddable":true,"href":"https:\/\/www.diarioimagen.net\/index.php?rest_route=\/wp\/v2\/users\/3"}],"replies":[{"embeddable":true,"href":"https:\/\/www.diarioimagen.net\/index.php?rest_route=%2Fwp%2Fv2%2Fcomments&post=368492"}],"version-history":[{"count":0,"href":"https:\/\/www.diarioimagen.net\/index.php?rest_route=\/wp\/v2\/posts\/368492\/revisions"}],"wp:featuredmedia":[{"embeddable":true,"href":"https:\/\/www.diarioimagen.net\/index.php?rest_route=\/wp\/v2\/media\/368563"}],"wp:attachment":[{"href":"https:\/\/www.diarioimagen.net\/index.php?rest_route=%2Fwp%2Fv2%2Fmedia&parent=368492"}],"wp:term":[{"taxonomy":"category","embeddable":true,"href":"https:\/\/www.diarioimagen.net\/index.php?rest_route=%2Fwp%2Fv2%2Fcategories&post=368492"},{"taxonomy":"post_tag","embeddable":true,"href":"https:\/\/www.diarioimagen.net\/index.php?rest_route=%2Fwp%2Fv2%2Ftags&post=368492"}],"curies":[{"name":"wp","href":"https:\/\/api.w.org\/{rel}","templated":true}]}}