{"id":368501,"date":"2018-03-16T00:08:01","date_gmt":"2018-03-16T06:08:01","guid":{"rendered":"http:\/\/www.diarioimagen.net\/?p=368501"},"modified":"2018-03-16T08:24:46","modified_gmt":"2018-03-16T14:24:46","slug":"realizan-primera-feria-nacional-de-empleo-incluyente-en-tlalnepantla","status":"publish","type":"post","link":"https:\/\/www.diarioimagen.net\/?p=368501","title":{"rendered":"Realizan Primera Feria Nacional de Empleo Incluyente en Tlalnepantla"},"content":{"rendered":"<ul>\n<li><strong><em>Incorpora a personas con discapacidad<\/em><\/strong><\/li>\n<\/ul>\n<p>&nbsp;<\/p>\n<div id=\"attachment_368572\" style=\"width: 470px\" class=\"wp-caption aligncenter\"><a href=\"http:\/\/www.diarioimagen.net\/?attachment_id=368572\" rel=\"attachment wp-att-368572\"><img loading=\"lazy\" decoding=\"async\" aria-describedby=\"caption-attachment-368572\" class=\"size-large wp-image-368572\" src=\"http:\/\/www.diarioimagen.net\/wp-content\/uploads\/2018\/03\/TLALNEPANTLA-3328-460x259.jpg\" alt=\"\" width=\"460\" height=\"259\" srcset=\"https:\/\/www.diarioimagen.net\/wp-content\/uploads\/2018\/03\/TLALNEPANTLA-3328-460x259.jpg 460w, https:\/\/www.diarioimagen.net\/wp-content\/uploads\/2018\/03\/TLALNEPANTLA-3328-240x135.jpg 240w, https:\/\/www.diarioimagen.net\/wp-content\/uploads\/2018\/03\/TLALNEPANTLA-3328-235x132.jpg 235w, https:\/\/www.diarioimagen.net\/wp-content\/uploads\/2018\/03\/TLALNEPANTLA-3328-202x114.jpg 202w, https:\/\/www.diarioimagen.net\/wp-content\/uploads\/2018\/03\/TLALNEPANTLA-3328-350x196.jpg 350w, https:\/\/www.diarioimagen.net\/wp-content\/uploads\/2018\/03\/TLALNEPANTLA-3328-220x123.jpg 220w, https:\/\/www.diarioimagen.net\/wp-content\/uploads\/2018\/03\/TLALNEPANTLA-3328-237x132.jpg 237w, https:\/\/www.diarioimagen.net\/wp-content\/uploads\/2018\/03\/TLALNEPANTLA-3328.jpg 480w\" sizes=\"auto, (max-width: 460px) 100vw, 460px\" \/><\/a><p id=\"caption-attachment-368572\" class=\"wp-caption-text\">El presidente del Sistema Municipal DIF, Abraham Trejo Molina, explic\u00f3 que uno de los ejes rectores de esta administraci\u00f3n es ser un gobierno incluyente.<\/p><\/div>\n<p>&nbsp;<\/p>\n<p><strong>Tlalnepantla, Estado de M\u00e9xico<\/strong>.- Tlalnepantla fue sede de la primera feria nacional de empleo incluyente \u201cEmpleo-TON\u201d, organizada por Fundaci\u00f3n Telet\u00f3n y en la que m\u00e1s de 60 empresas ofertaron cerca de mil vacantes para personas con alguna discapacidad, con el objetivo de que puedan incorporarse a la vida productiva.<\/p>\n<p>Al dar la bienvenida a directivos de Fundaci\u00f3n Telet\u00f3n, el presidente del Sistema Municipal DIF, Abraham Trejo Molina, enfatiz\u00f3 que uno de los ejes rectores de esta administraci\u00f3n es ser un gobierno incluyente, de ah\u00ed que se contin\u00faen implementando pol\u00edticas p\u00fablicas que procuren una mejor calidad de vida para quienes tienen alguna discapacidad.<\/p>\n<p>Detall\u00f3 que una de los proyectos m\u00e1s exitosos del DIF local es el Centro de Capacitaci\u00f3n en Inclusi\u00f3n Laboral para Personas con Discapacidad, CECAIN, \u00fanico en su tipo a nivel regional y en el que se aplica un modelo de atenci\u00f3n innovador, mediante el cual se identifican las fortalezas de las personas y se impulsa su desarrollo para integrarlos a la campo productivo.<\/p>\n<p>Abraham Trejo inform\u00f3 que desde su fundaci\u00f3n, hace cinco a\u00f1os, el CECAIN ha impartido 36 cursos, en los que se ha capacitado a 795 personas con alguna discapacidad, logrando la inclusi\u00f3n de 634 personas que hoy cuentan con ingresos fijos para satisfacer sus necesidades.<\/p>\n<p>Derivado de ello, refiri\u00f3, en 2016 la Secretar\u00eda del Trabajo otorg\u00f3 al DIF Municipal, el distinto Empresa Incluyente\u00a0 \u201cGilberto Rinc\u00f3n Gallardo\u201d, por su pol\u00edtica de inclusi\u00f3n para las personas con discapacidad.<\/p>\n<p>En tanto, en el 2017, Tlalnepantla se consolid\u00f3 como un municipio l\u00edder en la construcci\u00f3n de una pol\u00edtica que impulsa un cambio de paradigma, recibiendo la Menci\u00f3n Honor\u00edfica en el Premio a la Gesti\u00f3n Municipal IAPEM.<\/p>\n<p>Ante el director general de Empleo y Productividad del gobierno del Estado de M\u00e9xico, Jos\u00e9 Antonio Corona, el presidente del DIF local anunci\u00f3 que en breve Tlalnepantla dar\u00e1 un paso m\u00e1s en la atenci\u00f3n y la inclusi\u00f3n social de las personas con discapacidad, con la apertura de dos salas de estimulaci\u00f3n multisensorial.<\/p>\n<p>Estos espacios, dijo Abraham Trejo Molina, son innovaci\u00f3n terap\u00e9utica para el tratamiento de ni\u00f1os y adultos en el que se estimula los cinco sentidos del paciente.<\/p>\n<p>Puntualiz\u00f3 que las salas ubicadas en los subsistemas \u201cEl Tenayo\u201d y \u201cAng\u00e9lica Arag\u00f3n\u201d, enriquecer\u00e1n y favorecer\u00e1n el proceso cognitivo de los usuarios en un espacio rodeado de colores, aromas, im\u00e1genes y sonidos. Cabe se\u00f1alar que el equipamiento de \u00e9stas se efectu\u00f3 con apoyo del DIF nacional.<\/p>\n","protected":false},"excerpt":{"rendered":"<p>Tlalnepantla fue sede de la primera feria nacional de empleo incluyente \u201cEmpleo-TON\u201d, organizada por Fundaci\u00f3n Telet\u00f3n y en la que m\u00e1s de 60 empresas ofertaron cerca de mil vacantes para personas con alguna discapacidad, con el objetivo de que puedan incorporarse a la vida productiva.<\/p>\n","protected":false},"author":3,"featured_media":368572,"comment_status":"open","ping_status":"open","sticky":false,"template":"","format":"standard","meta":{"_monsterinsights_skip_tracking":false,"_monsterinsights_sitenote_active":false,"_monsterinsights_sitenote_note":"","_monsterinsights_sitenote_category":0,"footnotes":""},"categories":[35155],"tags":[43675,71828,169],"class_list":["post-368501","post","type-post","status-publish","format-standard","has-post-thumbnail","hentry","category-estado-de-mexico-estado-de-mexico","tag-estado-de-mexico","tag-primera-feria-nacional-de-empleo-incluyente","tag-tlalnepantla"],"_links":{"self":[{"href":"https:\/\/www.diarioimagen.net\/index.php?rest_route=\/wp\/v2\/posts\/368501","targetHints":{"allow":["GET"]}}],"collection":[{"href":"https:\/\/www.diarioimagen.net\/index.php?rest_route=\/wp\/v2\/posts"}],"about":[{"href":"https:\/\/www.diarioimagen.net\/index.php?rest_route=\/wp\/v2\/types\/post"}],"author":[{"embeddable":true,"href":"https:\/\/www.diarioimagen.net\/index.php?rest_route=\/wp\/v2\/users\/3"}],"replies":[{"embeddable":true,"href":"https:\/\/www.diarioimagen.net\/index.php?rest_route=%2Fwp%2Fv2%2Fcomments&post=368501"}],"version-history":[{"count":0,"href":"https:\/\/www.diarioimagen.net\/index.php?rest_route=\/wp\/v2\/posts\/368501\/revisions"}],"wp:featuredmedia":[{"embeddable":true,"href":"https:\/\/www.diarioimagen.net\/index.php?rest_route=\/wp\/v2\/media\/368572"}],"wp:attachment":[{"href":"https:\/\/www.diarioimagen.net\/index.php?rest_route=%2Fwp%2Fv2%2Fmedia&parent=368501"}],"wp:term":[{"taxonomy":"category","embeddable":true,"href":"https:\/\/www.diarioimagen.net\/index.php?rest_route=%2Fwp%2Fv2%2Fcategories&post=368501"},{"taxonomy":"post_tag","embeddable":true,"href":"https:\/\/www.diarioimagen.net\/index.php?rest_route=%2Fwp%2Fv2%2Ftags&post=368501"}],"curies":[{"name":"wp","href":"https:\/\/api.w.org\/{rel}","templated":true}]}}