{"id":368615,"date":"2018-03-19T00:11:03","date_gmt":"2018-03-19T06:11:03","guid":{"rendered":"http:\/\/www.diarioimagen.net\/?p=368615"},"modified":"2018-03-18T22:55:24","modified_gmt":"2018-03-19T04:55:24","slug":"galardonan-a-la-unidad-de-rescate-aereo-relampagos-del-edomex","status":"publish","type":"post","link":"https:\/\/www.diarioimagen.net\/?p=368615","title":{"rendered":"Galardonan a la Unidad de Rescate A\u00e9reo Rel\u00e1mpagos"},"content":{"rendered":"<ul>\n<li><strong><em>Reciben Premio Nacional de Seguridad y Emergencias 2018<\/em><\/strong><\/li>\n<\/ul>\n<p>&nbsp;<\/p>\n<div id=\"attachment_368616\" style=\"width: 470px\" class=\"wp-caption aligncenter\"><img loading=\"lazy\" decoding=\"async\" aria-describedby=\"caption-attachment-368616\" class=\"wp-image-368616 size-large\" src=\"http:\/\/www.diarioimagen.net\/wp-content\/uploads\/2018\/03\/RELAMPAGOS19-PORTAL-460x268.jpg\" alt=\"\" width=\"460\" height=\"268\" srcset=\"https:\/\/www.diarioimagen.net\/wp-content\/uploads\/2018\/03\/RELAMPAGOS19-PORTAL-460x268.jpg 460w, https:\/\/www.diarioimagen.net\/wp-content\/uploads\/2018\/03\/RELAMPAGOS19-PORTAL-240x140.jpg 240w, https:\/\/www.diarioimagen.net\/wp-content\/uploads\/2018\/03\/RELAMPAGOS19-PORTAL.jpg 480w\" sizes=\"auto, (max-width: 460px) 100vw, 460px\" \/><p id=\"caption-attachment-368616\" class=\"wp-caption-text\">Galardonan a Rel\u00e1mpagos del Gobierno del Estado de M\u00e9xico en la categor\u00eda Premio a las Buenas Pr\u00e1cticas en las Emergencias.<\/p><\/div>\n<p>&nbsp;<\/p>\n<p><strong>Toluca, Estado de M\u00e9xico<\/strong>.- Durante la segunda edici\u00f3n de los Premios Nacionales de Seguridad y Emergencias M\u00e9xico 2018, que otorga la Revista <em>USECNETWORK Internacional Magazine M\u00e9xico<\/em>, la Unidad de Rescate A\u00e9reo Rel\u00e1mpagos, del gobierno del Estado de M\u00e9xico, fue galardonada en la categor\u00eda Premio a las Buenas Pr\u00e1cticas en las Emergencias, por su destacada labor en apoyo a la ciudadan\u00eda.<\/p>\n<p>En nombre del Grupo Rel\u00e1mpagos, Katia Yanina Cort\u00e9s P\u00e9rez, piloto de esta unidad de rescate, agradeci\u00f3 al jurado calificador y a la revista especializada por reconocer la labor diaria de las instituciones, empresas y miembros de los servicios de seguridad y emergencias p\u00fablicos y privados.<\/p>\n<p>Asimismo, agradeci\u00f3 al gobernador del Estado de M\u00e9xico, Alfredo Del Mazo Maza, por el apoyo brindado a la agrupaci\u00f3n para su desarrollo personal y profesional.<\/p>\n<p>Por su parte, el capit\u00e1n piloto aviador Salvador de Alba Manjarrez, jefe de Grupo Rel\u00e1mpagos, detall\u00f3 que el reconocimiento se otorg\u00f3 por la trayectoria personal, las buenas pr\u00e1cticas y la gesti\u00f3n realizada por los mandos y responsables de los servicios.<\/p>\n<p>Los elementos anteriores posicionan a la Unidad de Rescate A\u00e9reo Rel\u00e1mpagos, al mismo nivel de importancia de apoyo para la poblaci\u00f3n, de instituciones como la Secretar\u00eda de la Defensa Nacional, la Marina Armada de M\u00e9xico, la Polic\u00eda Federal y la Cruz Roja Mexicana.<\/p>\n<p>Con m\u00e1s de 20 a\u00f1os de trayectoria, la Unidad de Rescate A\u00e9reo Rel\u00e1mpagos sigue como ejemplo de esfuerzo y dedicaci\u00f3n en las acciones de rescate a\u00e9reo en la entidad y en el pa\u00eds.<\/p>\n","protected":false},"excerpt":{"rendered":"<p>Durante la segunda edici\u00f3n de los Premios Nacionales de Seguridad y Emergencias M\u00e9xico 2018, que otorga la Revista USECNETWORK Internacional Magazine M\u00e9xico, la Unidad de Rescate A\u00e9reo Rel\u00e1mpagos, del gobierno del Estado de M\u00e9xico, fue galardonada en la categor\u00eda Premio a las Buenas Pr\u00e1cticas en las Emergencias, por su destacada labor en apoyo a la ciudadan\u00eda.<\/p>\n","protected":false},"author":5,"featured_media":368616,"comment_status":"open","ping_status":"open","sticky":false,"template":"","format":"standard","meta":{"_monsterinsights_skip_tracking":false,"_monsterinsights_sitenote_active":false,"_monsterinsights_sitenote_note":"","_monsterinsights_sitenote_category":0,"footnotes":""},"categories":[5],"tags":[71842,71843,43675,71841,71844,452],"class_list":["post-368615","post","type-post","status-publish","format-standard","has-post-thumbnail","hentry","category-estado-de-mexico","tag-aereo-relampagos","tag-emergencias-2018","tag-estado-de-mexico","tag-galardonan-a-la-unidad","tag-premio-a-las-buenas-practicas","tag-toluca"],"_links":{"self":[{"href":"https:\/\/www.diarioimagen.net\/index.php?rest_route=\/wp\/v2\/posts\/368615","targetHints":{"allow":["GET"]}}],"collection":[{"href":"https:\/\/www.diarioimagen.net\/index.php?rest_route=\/wp\/v2\/posts"}],"about":[{"href":"https:\/\/www.diarioimagen.net\/index.php?rest_route=\/wp\/v2\/types\/post"}],"author":[{"embeddable":true,"href":"https:\/\/www.diarioimagen.net\/index.php?rest_route=\/wp\/v2\/users\/5"}],"replies":[{"embeddable":true,"href":"https:\/\/www.diarioimagen.net\/index.php?rest_route=%2Fwp%2Fv2%2Fcomments&post=368615"}],"version-history":[{"count":0,"href":"https:\/\/www.diarioimagen.net\/index.php?rest_route=\/wp\/v2\/posts\/368615\/revisions"}],"wp:featuredmedia":[{"embeddable":true,"href":"https:\/\/www.diarioimagen.net\/index.php?rest_route=\/wp\/v2\/media\/368616"}],"wp:attachment":[{"href":"https:\/\/www.diarioimagen.net\/index.php?rest_route=%2Fwp%2Fv2%2Fmedia&parent=368615"}],"wp:term":[{"taxonomy":"category","embeddable":true,"href":"https:\/\/www.diarioimagen.net\/index.php?rest_route=%2Fwp%2Fv2%2Fcategories&post=368615"},{"taxonomy":"post_tag","embeddable":true,"href":"https:\/\/www.diarioimagen.net\/index.php?rest_route=%2Fwp%2Fv2%2Ftags&post=368615"}],"curies":[{"name":"wp","href":"https:\/\/api.w.org\/{rel}","templated":true}]}}