{"id":368670,"date":"2018-03-19T00:09:08","date_gmt":"2018-03-19T06:09:08","guid":{"rendered":"http:\/\/www.diarioimagen.net\/?p=368670"},"modified":"2018-03-19T04:39:36","modified_gmt":"2018-03-19T10:39:36","slug":"analizara-consejo-universitario-proyecto-de-reforma-a-ley-de-uaem","status":"publish","type":"post","link":"https:\/\/www.diarioimagen.net\/?p=368670","title":{"rendered":"Analizar\u00e1 Consejo Universitario proyecto de reforma a Ley de UAEM"},"content":{"rendered":"<ul>\n<li><strong><em>Se plantea ampliar periodo de rector<\/em><\/strong><\/li>\n<\/ul>\n<p>&nbsp;<\/p>\n<div id=\"attachment_368762\" style=\"width: 470px\" class=\"wp-caption aligncenter\"><a href=\"http:\/\/www.diarioimagen.net\/?attachment_id=368762\" rel=\"attachment wp-att-368762\"><img loading=\"lazy\" decoding=\"async\" aria-describedby=\"caption-attachment-368762\" class=\"size-large wp-image-368762\" src=\"http:\/\/www.diarioimagen.net\/wp-content\/uploads\/2018\/03\/UAEM-3329-460x259.jpg\" alt=\"\" width=\"460\" height=\"259\" srcset=\"https:\/\/www.diarioimagen.net\/wp-content\/uploads\/2018\/03\/UAEM-3329-460x259.jpg 460w, https:\/\/www.diarioimagen.net\/wp-content\/uploads\/2018\/03\/UAEM-3329-240x135.jpg 240w, https:\/\/www.diarioimagen.net\/wp-content\/uploads\/2018\/03\/UAEM-3329-235x132.jpg 235w, https:\/\/www.diarioimagen.net\/wp-content\/uploads\/2018\/03\/UAEM-3329-202x114.jpg 202w, https:\/\/www.diarioimagen.net\/wp-content\/uploads\/2018\/03\/UAEM-3329-350x196.jpg 350w, https:\/\/www.diarioimagen.net\/wp-content\/uploads\/2018\/03\/UAEM-3329-220x123.jpg 220w, https:\/\/www.diarioimagen.net\/wp-content\/uploads\/2018\/03\/UAEM-3329-237x132.jpg 237w, https:\/\/www.diarioimagen.net\/wp-content\/uploads\/2018\/03\/UAEM-3329.jpg 480w\" sizes=\"auto, (max-width: 460px) 100vw, 460px\" \/><\/a><p id=\"caption-attachment-368762\" class=\"wp-caption-text\">Aspecto de la sesi\u00f3n ordinaria, correspondiente al mes de marzo del H. Consejo Universitario.<\/p><\/div>\n<p>&nbsp;<\/p>\n<p><strong>Toluca, Estado de M\u00e9xico<\/strong>.\u2013 Durante la sesi\u00f3n ordinaria correspondiente al mes de marzo del H. Consejo Universitario, el proyecto de reforma a la Ley de la Universidad Aut\u00f3noma del Estado de M\u00e9xico fue turnado a las comisiones de Legislaci\u00f3n Universitaria y Especial del Programa Legislativo del H. Consejo Universitario, en cuyo seno se analizar\u00e1 de forma minuciosa, para luego ser puesto a consideraci\u00f3n del pleno del m\u00e1ximo \u00f3rgano de gobierno de esta casa de estudios y, posteriormente, del Congreso mexiquense.<\/p>\n<p>La iniciativa considera, entre otros aspectos, la ampliaci\u00f3n del periodo de las administraciones universitarias a seis a\u00f1os, lo que permitir\u00e1 dar cumplimiento a objetivos de largo plazo, en beneficio de la comunidad verde y oro.<\/p>\n<p>Tiene un car\u00e1cter integral, ya que contempla la armonizaci\u00f3n de los estatutos y reglamentos bajo una perspectiva de equidad de g\u00e9nero y permitir\u00e1 modernizar el quehacer institucional.<\/p>\n<p>Est\u00e1 sustentada en una cuidadosa revisi\u00f3n legal y comparativa, prev\u00e9 una consulta a la comunidad universitaria, para posteriormente ser analizada y aprobada por la legislatura local.<\/p>\n<p>Cabe destacar que la ampliaci\u00f3n del periodo de cuatro a seis a\u00f1os para las administraciones universitarias no ser\u00eda aplicable para la gesti\u00f3n en turno y no implica una propuesta de modelo de reelecci\u00f3n.<\/p>\n","protected":false},"excerpt":{"rendered":"<p>urante la sesi\u00f3n ordinaria correspondiente al mes de marzo del H. Consejo Universitario, el proyecto de reforma a la Ley de la Universidad Aut\u00f3noma del Estado de M\u00e9xico fue turnado a las comisiones de Legislaci\u00f3n Universitaria y Especial del Programa Legislativo del H. Consejo Universitario, en cuyo seno se analizar\u00e1 de forma minuciosa, para luego ser puesto a consideraci\u00f3n del pleno del m\u00e1ximo \u00f3rgano de gobierno de esta casa de estudios y, posteriormente, del Congreso mexiquense.<\/p>\n","protected":false},"author":3,"featured_media":368762,"comment_status":"open","ping_status":"open","sticky":false,"template":"","format":"standard","meta":{"_monsterinsights_skip_tracking":false,"_monsterinsights_sitenote_active":false,"_monsterinsights_sitenote_note":"","_monsterinsights_sitenote_category":0,"footnotes":""},"categories":[35155],"tags":[22356,43675,71874,71875,452],"class_list":["post-368670","post","type-post","status-publish","format-standard","has-post-thumbnail","hentry","category-estado-de-mexico-estado-de-mexico","tag-consejo-universitario","tag-estado-de-mexico","tag-ley-de-uaem","tag-proy7ecto","tag-toluca"],"_links":{"self":[{"href":"https:\/\/www.diarioimagen.net\/index.php?rest_route=\/wp\/v2\/posts\/368670","targetHints":{"allow":["GET"]}}],"collection":[{"href":"https:\/\/www.diarioimagen.net\/index.php?rest_route=\/wp\/v2\/posts"}],"about":[{"href":"https:\/\/www.diarioimagen.net\/index.php?rest_route=\/wp\/v2\/types\/post"}],"author":[{"embeddable":true,"href":"https:\/\/www.diarioimagen.net\/index.php?rest_route=\/wp\/v2\/users\/3"}],"replies":[{"embeddable":true,"href":"https:\/\/www.diarioimagen.net\/index.php?rest_route=%2Fwp%2Fv2%2Fcomments&post=368670"}],"version-history":[{"count":0,"href":"https:\/\/www.diarioimagen.net\/index.php?rest_route=\/wp\/v2\/posts\/368670\/revisions"}],"wp:featuredmedia":[{"embeddable":true,"href":"https:\/\/www.diarioimagen.net\/index.php?rest_route=\/wp\/v2\/media\/368762"}],"wp:attachment":[{"href":"https:\/\/www.diarioimagen.net\/index.php?rest_route=%2Fwp%2Fv2%2Fmedia&parent=368670"}],"wp:term":[{"taxonomy":"category","embeddable":true,"href":"https:\/\/www.diarioimagen.net\/index.php?rest_route=%2Fwp%2Fv2%2Fcategories&post=368670"},{"taxonomy":"post_tag","embeddable":true,"href":"https:\/\/www.diarioimagen.net\/index.php?rest_route=%2Fwp%2Fv2%2Ftags&post=368670"}],"curies":[{"name":"wp","href":"https:\/\/api.w.org\/{rel}","templated":true}]}}