{"id":368721,"date":"2018-03-19T00:00:40","date_gmt":"2018-03-19T06:00:40","guid":{"rendered":"http:\/\/www.diarioimagen.net\/?p=368721"},"modified":"2018-03-19T02:01:56","modified_gmt":"2018-03-19T08:01:56","slug":"hector-pablo-la-ingratitud-como-politica","status":"publish","type":"post","link":"https:\/\/www.diarioimagen.net\/?p=368721","title":{"rendered":"H\u00e9ctor Pablo: la ingratitud como pol\u00edtica"},"content":{"rendered":"<h2>La Retaguardia<\/h2>\n<h5>Adriana Moreno Cordero<\/h5>\n<p>&nbsp;<\/p>\n<p>A punto de consumarse la postulaci\u00f3n de <strong>H\u00e9ctor Pablo Ram\u00edrez Puga Leyva<\/strong> como candidato al Senado por la coalici\u00f3n PAN-PRD en Oaxaca, ambos partidos deber\u00edan considerar la historia de traiciones y ego\u00edsmos que encierran a este personaje.<\/p>\n<p>Extra\u00eddo de las filas ni m\u00e1s ni menos que del ex gobernador Ulises Ru\u00edz, H\u00e9ctor Pablo vio su mayor fortuna cuando coincidi\u00f3 como diputado federal en la LXI Legislatura federal con el actual secretario de Relaciones Exteriores, Luis Videgaray Caso, con quien entabl\u00f3 cierta amistad y relaci\u00f3n pol\u00edtica, gracias al cobijo del propio Ulises Ruiz, de quien era uno de sus favoritos. Desde entonces, mucho se comenta en los corrillos pol\u00edticos que la historia de H\u00e9ctor Pablo se resume en traiciones y la primera de ellas fue en el 2012, cuando Ruiz le neg\u00f3 la posibilidad de convertirse en candidato al Senado, entonces, opt\u00f3 por el ahora titular de Sedesol, Eviel P\u00e9rez Maga\u00f1a que ya hab\u00eda perdido la gubernatura de Oaxaca en 2010.<\/p>\n<p>El ex gobernador Ruiz, le demand\u00f3 disciplina a H\u00e9ctor Pablo, pero \u00e9ste de todos modos intent\u00f3 rebelarse hasta que, por una acci\u00f3n de aprecio, Videgaray lo invit\u00f3 a sumarse a la campa\u00f1a presidencial en el centro del pa\u00eds, igual que como lo hizo con varios otros oaxaque\u00f1os que hab\u00edan sido desplazados por los conocidos arreglos entre Ruiz y P\u00e9rez Maga\u00f1a para repartirse los restos del pri\u00edsmo oaxaque\u00f1o en aquel tiempo.<\/p>\n<p>Como era de esperarse, Ram\u00edrez Puga le dio entonces la espalda a Ulises y se entreg\u00f3 con los mexiquenses, que luego lo premiaron, gracias a la influencia de Videgaray, con la direcci\u00f3n de Liconsa, desde donde el oaxaque\u00f1o se hizo, seg\u00fan se sabe, multimillonario.<\/p>\n<p>Con recursos p\u00fablicos recorri\u00f3 permanentemente el estado de Oaxaca haciendo campa\u00f1a, y cuando hace varios a\u00f1os vio la perspectiva de que el entonces secretario de Gobernaci\u00f3n, <strong>Miguel \u00c1ngel Osorio Chong<\/strong> ser\u00eda el candidato presidencial, repudi\u00f3 a Videgaray y se puso a la disposici\u00f3n del hidalguense para la construcci\u00f3n de su candidatura.<\/p>\n<p>La gracia no le lleg\u00f3, porque Chong se qued\u00f3 en el camino, y entonces H\u00e9ctor Pablo busc\u00f3 la atenci\u00f3n de Jos\u00e9 Antonio Meade, a quien dec\u00eda respetar como antiguo jefe en Sedesol, y como su candidato presidencial\u2026 hasta que lo traicion\u00f3.<\/p>\n<p>Lo hizo, nuevamente, al renunciar de forma casi violenta a Liconsa y dar un portazo, como si la culpa de su mala fortuna fuera de quienes le tendieron la mejor oportunidad de su vida: el presidente Pe\u00f1a Nieto, y el mismo Meade que lo sostuvo como un cuadro importante a pesar de haber sido uno de los que le jug\u00f3 las contras.<\/p>\n<p>Luego, H\u00e9ctor Pablo vino a Oaxaca a consumar una traici\u00f3n m\u00e1s. Lo hizo con el PRI, el partido que le dio todo lo que tiene y lo hizo ser todo lo que es, al que intent\u00f3 presionar y le intent\u00f3 patear las puertas, olvidando que las oportunidades que \u00e9l tuvo en su tiempo tambi\u00e9n las merec\u00eda alguien m\u00e1s que se qued\u00f3 en el camino pero que, al contrario de \u00e9l, se aline\u00f3 como parte de la vieja usanza pri\u00edsta.<\/p>\n<p>Hoy, es un hecho su postulaci\u00f3n en la coalici\u00f3n PAN-PRD para encabezar la primera f\u00f3rmula al Senado, y lo m\u00e1s probable es que los traicione.<\/p>\n<p>Sin principios, sin ideolog\u00eda y sin honor, su neopanismo y neoperredismo est\u00e1 destinado a seguir ejerciendo su com\u00fan denominador: la ingratitud. Su \u00fanica alianza es con la sed de poder y con el hambre de dinero.<\/p>\n<p>Y en la b\u00fasqueda de ello ha sido capaz de morder todas y cada una de las manos que se le han extendido para ayudarlo. El tiempo confirmar\u00e1 este se\u00f1alamiento.<\/p>\n<p><a href=\"mailto:morcora@gmail.com\" target=\"_blank\" rel=\"noopener\"><em>morcora@gmail.com<\/em><\/a><\/p>\n","protected":false},"excerpt":{"rendered":"<p><span style=\"color: #005497;\"><strong>Adriana Moreno Cordero<\/strong><\/span><\/p>\n","protected":false},"author":3,"featured_media":0,"comment_status":"open","ping_status":"open","sticky":false,"template":"","format":"standard","meta":{"_monsterinsights_skip_tracking":false,"_monsterinsights_sitenote_active":false,"_monsterinsights_sitenote_note":"","_monsterinsights_sitenote_category":0,"footnotes":""},"categories":[69370],"tags":[69369,69368,43674],"class_list":["post-368721","post","type-post","status-publish","format-standard","hentry","category-adriana-moreno-cordero","tag-adriana-moreno-cordero","tag-la-retaguardia","tag-opinion"],"_links":{"self":[{"href":"https:\/\/www.diarioimagen.net\/index.php?rest_route=\/wp\/v2\/posts\/368721","targetHints":{"allow":["GET"]}}],"collection":[{"href":"https:\/\/www.diarioimagen.net\/index.php?rest_route=\/wp\/v2\/posts"}],"about":[{"href":"https:\/\/www.diarioimagen.net\/index.php?rest_route=\/wp\/v2\/types\/post"}],"author":[{"embeddable":true,"href":"https:\/\/www.diarioimagen.net\/index.php?rest_route=\/wp\/v2\/users\/3"}],"replies":[{"embeddable":true,"href":"https:\/\/www.diarioimagen.net\/index.php?rest_route=%2Fwp%2Fv2%2Fcomments&post=368721"}],"version-history":[{"count":0,"href":"https:\/\/www.diarioimagen.net\/index.php?rest_route=\/wp\/v2\/posts\/368721\/revisions"}],"wp:attachment":[{"href":"https:\/\/www.diarioimagen.net\/index.php?rest_route=%2Fwp%2Fv2%2Fmedia&parent=368721"}],"wp:term":[{"taxonomy":"category","embeddable":true,"href":"https:\/\/www.diarioimagen.net\/index.php?rest_route=%2Fwp%2Fv2%2Fcategories&post=368721"},{"taxonomy":"post_tag","embeddable":true,"href":"https:\/\/www.diarioimagen.net\/index.php?rest_route=%2Fwp%2Fv2%2Ftags&post=368721"}],"curies":[{"name":"wp","href":"https:\/\/api.w.org\/{rel}","templated":true}]}}