{"id":368864,"date":"2018-03-20T00:10:29","date_gmt":"2018-03-20T06:10:29","guid":{"rendered":"http:\/\/www.diarioimagen.net\/?p=368864"},"modified":"2018-03-20T05:50:12","modified_gmt":"2018-03-20T11:50:12","slug":"fomentan-valores-en-la-escuela-y-familia","status":"publish","type":"post","link":"https:\/\/www.diarioimagen.net\/?p=368864","title":{"rendered":"Fomentan valores en la escuela y familia"},"content":{"rendered":"<h2>Arco Norte<\/h2>\n<h5>Jos\u00e9 Luis Monta\u00f1ez Aguilar<\/h5>\n<p>&nbsp;<\/p>\n<p><a href=\"http:\/\/www.diarioimagen.net\/?attachment_id=368955\" rel=\"attachment wp-att-368955\"><img loading=\"lazy\" decoding=\"async\" class=\"aligncenter size-large wp-image-368955\" src=\"http:\/\/www.diarioimagen.net\/wp-content\/uploads\/2018\/03\/arco-3330-460x160.jpg\" alt=\"\" width=\"460\" height=\"160\" srcset=\"https:\/\/www.diarioimagen.net\/wp-content\/uploads\/2018\/03\/arco-3330-460x160.jpg 460w, https:\/\/www.diarioimagen.net\/wp-content\/uploads\/2018\/03\/arco-3330-240x83.jpg 240w, https:\/\/www.diarioimagen.net\/wp-content\/uploads\/2018\/03\/arco-3330.jpg 680w\" sizes=\"auto, (max-width: 460px) 100vw, 460px\" \/><\/a><\/p>\n<p>&nbsp;<\/p>\n<p>Alumnos de sexto grado de primaria y tercero de secundaria participaron en el \u201cXV Encuentro Parlamentario Mexiquense de las ni\u00f1as, los ni\u00f1os, las y los adolescentes, ciclo escolar 2017-2018\u201d, ejercicio democr\u00e1tico en el que presentaron propuestas en materia de igualdad, valores e inclusi\u00f3n en la escuela y la familia.<\/p>\n<p>\u00c9sta es una actividad organizada por el gobierno del Estado de M\u00e9xico, a trav\u00e9s de la Secretar\u00eda de Educaci\u00f3n, en coordinaci\u00f3n con el Poder Legislativo, el Instituto Electoral del Estado de M\u00e9xico (IEEM) y la Comisi\u00f3n de Derechos Humanos de la entidad (Codhem), para que los peque\u00f1os estudiantes expongan ideas y ejerzan su derecho a la participaci\u00f3n ciudadana.<\/p>\n<p>Tras reconocer que la cultura c\u00edvica y la democracia significan convivencia arm\u00f3nica y trabajo en equipo, el secretario de Educaci\u00f3n, Alejandro Fern\u00e1ndez Campillo, asegur\u00f3 que este Encuentro Parlamentario permite a las autoridades saber c\u00f3mo piensan los estudiantes en temas de cultura de paz, derechos y deberes, equidad de g\u00e9nero y cuidado del medio ambiente, entre otros.<\/p>\n<p>Asimismo, afirm\u00f3 que la administraci\u00f3n estatal trabaja para que todos los estudiantes mexiquenses tengan una educaci\u00f3n de calidad, incluyente e integral, que forme una ciudadan\u00eda participativa en la que transmitan valores y conocimientos.<\/p>\n<p style=\"text-align: center;\"><strong>Fortalece GEM turismo de reuniones <\/strong><\/p>\n<p>El Estado de M\u00e9xico cuenta con un gran potencial en la industria de reuniones, pues en su territorio se asientan importantes firmas del sector manufacturero de las ramas automotriz, farmac\u00e9utica, textil, as\u00ed como de alimentos y bebidas, entre otras, y es la segunda econom\u00eda m\u00e1s importante del pa\u00eds al aportar el nueve por ciento del PIB nacional, factores que contribuyen a la realizaci\u00f3n de un n\u00famero cada vez mayor de reuniones de todo tipo.<\/p>\n<p>La secretaria de Turismo, Mar\u00eda Lorena Mar\u00edn Moreno, se\u00f1al\u00f3 lo anterior, al inaugurar el World Meetings Forum Summit Estado de M\u00e9xico, en el Centro de Convenciones y Exposiciones Toluca, donde destac\u00f3 que, a nivel nacional, la industria de reuniones genera 25 mil millones de d\u00f3lares anuales y que la cantidad de eventos ha aumentado en 20 por ciento en los \u00faltimos a\u00f1os.<\/p>\n<p><em><a href=\"mailto:montanezaguilar@gmail.com\" target=\"_blank\" rel=\"noopener noreferrer\">montanezaguilar@gmail.com<\/a><\/em><\/p>\n<p>&nbsp;<\/p>\n","protected":false},"excerpt":{"rendered":"<p><span style=\"color: #005497;\">Jos\u00e9 Luis Monta\u00f1ez Aguilar<\/span><br \/>\n<br \/>\nAlumnos de sexto grado de primaria y tercero de secundaria participaron en el \u201cXV Encuentro Parlamentario Mexiquense de las ni\u00f1as, los ni\u00f1os, las y los adolescentes, ciclo escolar 2017-2018\u201d, ejercicio democr\u00e1tico en el que presentaron propuestas en materia de igualdad, valores e inclusi\u00f3n en la escuela y la familia.<\/p>\n","protected":false},"author":3,"featured_media":368955,"comment_status":"open","ping_status":"open","sticky":false,"template":"","format":"standard","meta":{"_monsterinsights_skip_tracking":false,"_monsterinsights_sitenote_active":false,"_monsterinsights_sitenote_note":"","_monsterinsights_sitenote_category":0,"footnotes":""},"categories":[5],"tags":[13284,43704,43674],"class_list":["post-368864","post","type-post","status-publish","format-standard","has-post-thumbnail","hentry","category-estado-de-mexico","tag-arco-norte","tag-jose-luis-montanez-aguilar","tag-opinion"],"_links":{"self":[{"href":"https:\/\/www.diarioimagen.net\/index.php?rest_route=\/wp\/v2\/posts\/368864","targetHints":{"allow":["GET"]}}],"collection":[{"href":"https:\/\/www.diarioimagen.net\/index.php?rest_route=\/wp\/v2\/posts"}],"about":[{"href":"https:\/\/www.diarioimagen.net\/index.php?rest_route=\/wp\/v2\/types\/post"}],"author":[{"embeddable":true,"href":"https:\/\/www.diarioimagen.net\/index.php?rest_route=\/wp\/v2\/users\/3"}],"replies":[{"embeddable":true,"href":"https:\/\/www.diarioimagen.net\/index.php?rest_route=%2Fwp%2Fv2%2Fcomments&post=368864"}],"version-history":[{"count":0,"href":"https:\/\/www.diarioimagen.net\/index.php?rest_route=\/wp\/v2\/posts\/368864\/revisions"}],"wp:featuredmedia":[{"embeddable":true,"href":"https:\/\/www.diarioimagen.net\/index.php?rest_route=\/wp\/v2\/media\/368955"}],"wp:attachment":[{"href":"https:\/\/www.diarioimagen.net\/index.php?rest_route=%2Fwp%2Fv2%2Fmedia&parent=368864"}],"wp:term":[{"taxonomy":"category","embeddable":true,"href":"https:\/\/www.diarioimagen.net\/index.php?rest_route=%2Fwp%2Fv2%2Fcategories&post=368864"},{"taxonomy":"post_tag","embeddable":true,"href":"https:\/\/www.diarioimagen.net\/index.php?rest_route=%2Fwp%2Fv2%2Ftags&post=368864"}],"curies":[{"name":"wp","href":"https:\/\/api.w.org\/{rel}","templated":true}]}}