{"id":368885,"date":"2018-03-20T00:09:29","date_gmt":"2018-03-20T06:09:29","guid":{"rendered":"http:\/\/www.diarioimagen.net\/?p=368885"},"modified":"2018-03-20T06:01:42","modified_gmt":"2018-03-20T12:01:42","slug":"uaem-estrecha-relacion-con-el-centro-nacional-de-supercomputacion-de-espana","status":"publish","type":"post","link":"https:\/\/www.diarioimagen.net\/?p=368885","title":{"rendered":"UAEM estrecha relaci\u00f3n con el Centro Nacional de Supercomputaci\u00f3n de Espa\u00f1a"},"content":{"rendered":"<ul>\n<li><strong><em>Gira de trabajo del rector, Alfredo Barrera Baca<\/em><\/strong><\/li>\n<\/ul>\n<p>&nbsp;<\/p>\n<div id=\"attachment_368964\" style=\"width: 470px\" class=\"wp-caption aligncenter\"><a href=\"http:\/\/www.diarioimagen.net\/?attachment_id=368964\" rel=\"attachment wp-att-368964\"><img loading=\"lazy\" decoding=\"async\" aria-describedby=\"caption-attachment-368964\" class=\"size-large wp-image-368964\" src=\"http:\/\/www.diarioimagen.net\/wp-content\/uploads\/2018\/03\/UAEM-3330-460x307.jpg\" alt=\"\" width=\"460\" height=\"307\" srcset=\"https:\/\/www.diarioimagen.net\/wp-content\/uploads\/2018\/03\/UAEM-3330-460x307.jpg 460w, https:\/\/www.diarioimagen.net\/wp-content\/uploads\/2018\/03\/UAEM-3330-240x160.jpg 240w, https:\/\/www.diarioimagen.net\/wp-content\/uploads\/2018\/03\/UAEM-3330.jpg 700w\" sizes=\"auto, (max-width: 460px) 100vw, 460px\" \/><\/a><p id=\"caption-attachment-368964\" class=\"wp-caption-text\">El rector de la UAEM, Alfredo Barrera Baca, sign\u00f3 con el director del centro, Mateo Valero, un memor\u00e1ndum de entendimiento que permitir\u00e1 fortalecer el trabajo conjunto que en esta \u00e1rea se realiza.<\/p><\/div>\n<p>&nbsp;<\/p>\n<p><strong>Barcelona, Espa\u00f1a<\/strong>.- La Universidad Aut\u00f3noma del Estado de M\u00e9xico formaliz\u00f3 la relaci\u00f3n acad\u00e9mica y que en el \u00e1rea de la investigaci\u00f3n mantiene desde hace cinco a\u00f1os con el Barcelona Supercomputing Center\u2013Centro Nacional de Supercomputaci\u00f3n (BSC-CNS).<\/p>\n<p>Como parte de la gira de trabajo que realiza por Europa, el rector de la UAEM, Alfredo Barrera Baca, sign\u00f3 con el director del centro, Mateo Valero, un memor\u00e1ndum de entendimiento que permitir\u00e1 fortalecer el trabajo conjunto que en esta \u00e1rea se realiza.<\/p>\n<p>La firma de este instrumento de colaboraci\u00f3n tendr\u00e1 m\u00faltiples beneficios para la comunidad universitaria, ya que permitir\u00e1 a estudiantes de la Aut\u00f3noma mexiquense realizar estancias posdoctorales y de investigaci\u00f3n en el BSC-CNS; asimismo, estudiantes espa\u00f1oles podr\u00e1n hacer lo propio en el Estado de M\u00e9xico.<\/p>\n<p>De igual manera, investigadores de ambas instituciones impartir\u00e1n cursos y talleres a distancia; adem\u00e1s, desarrollar\u00e1n trabajo conjunto de investigaci\u00f3n en l\u00edneas de generaci\u00f3n y aplicaci\u00f3n del conocimiento de inter\u00e9s com\u00fan, como ciberseguridad, inteligencia artificial, big data, paralelizaci\u00f3n en CPU, paralelizaci\u00f3n en GPU y eficiencia de c\u00f3digos en funci\u00f3n de arquitecturas.<\/p>\n<p>Este acuerdo estrat\u00e9gico de colaboraci\u00f3n, con vigencia de cinco a\u00f1os, contempla tambi\u00e9n intercambio de publicaciones acad\u00e9micas y art\u00edculos, intercambio de experiencia en m\u00e9todos de ense\u00f1anza innovadores y de dise\u00f1o de cursos, organizaci\u00f3n de simposios y desarrollo de programas de doble titulaci\u00f3n.<\/p>\n<p>El BSC\u2013CNS es pionero y l\u00edder de la supercomputaci\u00f3n en Espa\u00f1a. Cuenta con el superordenador m\u00e1s potente del pa\u00eds y uno de los m\u00e1s potentes de Europa, conocido con el nombre de MareNostrum. Es un espacio de investigaci\u00f3n y de servicios de supercomputaci\u00f3n para toda la comunidad cient\u00edfica.<\/p>\n<p>Su especialidad es la computaci\u00f3n de altas prestaciones, conocida tambi\u00e9n con el nombre de HPC (High Performance Computing). Ofrece infraestructura y servicio en supercomputaci\u00f3n a los cient\u00edficos espa\u00f1oles y europeos, y genera conocimiento y tecnolog\u00eda para transferirlos a la sociedad.<\/p>\n","protected":false},"excerpt":{"rendered":"<p>Gira de trabajo del rector, Alfredo Barrera Baca &nbsp; &nbsp; Barcelona, Espa\u00f1a.- La Universidad Aut\u00f3noma del Estado de M\u00e9xico formaliz\u00f3 la relaci\u00f3n acad\u00e9mica y que en el \u00e1rea de la investigaci\u00f3n mantiene desde hace cinco a\u00f1os con el Barcelona Supercomputing Center\u2013Centro Nacional de Supercomputaci\u00f3n (BSC-CNS). Como parte de la gira de trabajo que realiza por [&hellip;]<\/p>\n","protected":false},"author":3,"featured_media":368964,"comment_status":"open","ping_status":"open","sticky":false,"template":"","format":"standard","meta":{"_monsterinsights_skip_tracking":false,"_monsterinsights_sitenote_active":false,"_monsterinsights_sitenote_note":"","_monsterinsights_sitenote_category":0,"footnotes":""},"categories":[35155],"tags":[671,850,4867,1491],"class_list":["post-368885","post","type-post","status-publish","format-standard","has-post-thumbnail","hentry","category-estado-de-mexico-estado-de-mexico","tag-barcelona","tag-espana","tag-gira","tag-uaem"],"_links":{"self":[{"href":"https:\/\/www.diarioimagen.net\/index.php?rest_route=\/wp\/v2\/posts\/368885","targetHints":{"allow":["GET"]}}],"collection":[{"href":"https:\/\/www.diarioimagen.net\/index.php?rest_route=\/wp\/v2\/posts"}],"about":[{"href":"https:\/\/www.diarioimagen.net\/index.php?rest_route=\/wp\/v2\/types\/post"}],"author":[{"embeddable":true,"href":"https:\/\/www.diarioimagen.net\/index.php?rest_route=\/wp\/v2\/users\/3"}],"replies":[{"embeddable":true,"href":"https:\/\/www.diarioimagen.net\/index.php?rest_route=%2Fwp%2Fv2%2Fcomments&post=368885"}],"version-history":[{"count":0,"href":"https:\/\/www.diarioimagen.net\/index.php?rest_route=\/wp\/v2\/posts\/368885\/revisions"}],"wp:featuredmedia":[{"embeddable":true,"href":"https:\/\/www.diarioimagen.net\/index.php?rest_route=\/wp\/v2\/media\/368964"}],"wp:attachment":[{"href":"https:\/\/www.diarioimagen.net\/index.php?rest_route=%2Fwp%2Fv2%2Fmedia&parent=368885"}],"wp:term":[{"taxonomy":"category","embeddable":true,"href":"https:\/\/www.diarioimagen.net\/index.php?rest_route=%2Fwp%2Fv2%2Fcategories&post=368885"},{"taxonomy":"post_tag","embeddable":true,"href":"https:\/\/www.diarioimagen.net\/index.php?rest_route=%2Fwp%2Fv2%2Ftags&post=368885"}],"curies":[{"name":"wp","href":"https:\/\/api.w.org\/{rel}","templated":true}]}}