{"id":368895,"date":"2018-03-20T00:06:30","date_gmt":"2018-03-20T06:06:30","guid":{"rendered":"http:\/\/www.diarioimagen.net\/?p=368895"},"modified":"2018-03-20T06:38:02","modified_gmt":"2018-03-20T12:38:02","slug":"tultitlan-invierte-en-infraestructura-educativa","status":"publish","type":"post","link":"https:\/\/www.diarioimagen.net\/?p=368895","title":{"rendered":"Tultitl\u00e1n invierte en infraestructura educativa"},"content":{"rendered":"<p><a href=\"http:\/\/www.diarioimagen.net\/?attachment_id=368992\" rel=\"attachment wp-att-368992\"><img loading=\"lazy\" decoding=\"async\" class=\"aligncenter size-large wp-image-368992\" src=\"http:\/\/www.diarioimagen.net\/wp-content\/uploads\/2018\/03\/TULTITLAN-3330-460x306.jpg\" alt=\"\" width=\"460\" height=\"306\" srcset=\"https:\/\/www.diarioimagen.net\/wp-content\/uploads\/2018\/03\/TULTITLAN-3330-460x306.jpg 460w, https:\/\/www.diarioimagen.net\/wp-content\/uploads\/2018\/03\/TULTITLAN-3330-240x160.jpg 240w, https:\/\/www.diarioimagen.net\/wp-content\/uploads\/2018\/03\/TULTITLAN-3330.jpg 700w\" sizes=\"auto, (max-width: 460px) 100vw, 460px\" \/><\/a><\/p>\n<p>&nbsp;<\/p>\n<p><strong>Tultitl\u00e1n, Estado de M\u00e9xico<\/strong><strong>.- <\/strong>La gesti\u00f3n de la administraci\u00f3n 2016-2018, que encabeza el presidente municipal Ad\u00e1n Barr\u00f3n Elizalde, en colaboraci\u00f3n con la direcci\u00f3n general de Obras P\u00fablicas, le apuesta a la educaci\u00f3n, es por ello que se llevan a cabo obras de arco-techos en favor de la comunidad estudiantil.<\/p>\n<p>El edil manifest\u00f3 que \u201cestamos demostrando a la ciudadan\u00eda la forma en que se manejan los recursos p\u00fablicos y haciendo ver que con transparencia gubernamental y visi\u00f3n pol\u00edtica se pueden conseguir resultados positivos para los tultitlenses\u201d.<\/p>\n<p>&nbsp;<\/p>\n<p>&nbsp;<\/p>\n","protected":false},"excerpt":{"rendered":"<p>La gesti\u00f3n de la administraci\u00f3n 2016-2018, que encabeza el presidente municipal Ad\u00e1n Barr\u00f3n Elizalde, en colaboraci\u00f3n con la direcci\u00f3n general de Obras P\u00fablicas, le apuesta a la educaci\u00f3n, es por ello que se llevan a cabo obras de arco-techos en favor de la comunidad estudiantil.<\/p>\n","protected":false},"author":3,"featured_media":368992,"comment_status":"open","ping_status":"open","sticky":false,"template":"","format":"standard","meta":{"_monsterinsights_skip_tracking":false,"_monsterinsights_sitenote_active":false,"_monsterinsights_sitenote_note":"","_monsterinsights_sitenote_category":0,"footnotes":""},"categories":[35155],"tags":[43675,18394,578],"class_list":["post-368895","post","type-post","status-publish","format-standard","has-post-thumbnail","hentry","category-estado-de-mexico-estado-de-mexico","tag-estado-de-mexico","tag-infraestructura","tag-tultitlan"],"_links":{"self":[{"href":"https:\/\/www.diarioimagen.net\/index.php?rest_route=\/wp\/v2\/posts\/368895","targetHints":{"allow":["GET"]}}],"collection":[{"href":"https:\/\/www.diarioimagen.net\/index.php?rest_route=\/wp\/v2\/posts"}],"about":[{"href":"https:\/\/www.diarioimagen.net\/index.php?rest_route=\/wp\/v2\/types\/post"}],"author":[{"embeddable":true,"href":"https:\/\/www.diarioimagen.net\/index.php?rest_route=\/wp\/v2\/users\/3"}],"replies":[{"embeddable":true,"href":"https:\/\/www.diarioimagen.net\/index.php?rest_route=%2Fwp%2Fv2%2Fcomments&post=368895"}],"version-history":[{"count":0,"href":"https:\/\/www.diarioimagen.net\/index.php?rest_route=\/wp\/v2\/posts\/368895\/revisions"}],"wp:featuredmedia":[{"embeddable":true,"href":"https:\/\/www.diarioimagen.net\/index.php?rest_route=\/wp\/v2\/media\/368992"}],"wp:attachment":[{"href":"https:\/\/www.diarioimagen.net\/index.php?rest_route=%2Fwp%2Fv2%2Fmedia&parent=368895"}],"wp:term":[{"taxonomy":"category","embeddable":true,"href":"https:\/\/www.diarioimagen.net\/index.php?rest_route=%2Fwp%2Fv2%2Fcategories&post=368895"},{"taxonomy":"post_tag","embeddable":true,"href":"https:\/\/www.diarioimagen.net\/index.php?rest_route=%2Fwp%2Fv2%2Ftags&post=368895"}],"curies":[{"name":"wp","href":"https:\/\/api.w.org\/{rel}","templated":true}]}}