{"id":368897,"date":"2018-03-20T00:05:23","date_gmt":"2018-03-20T06:05:23","guid":{"rendered":"http:\/\/www.diarioimagen.net\/?p=368897"},"modified":"2018-03-20T06:15:50","modified_gmt":"2018-03-20T12:15:50","slug":"proyecto-innovador-que-potencia-el-desarrollo-con-licencias-electronicas","status":"publish","type":"post","link":"https:\/\/www.diarioimagen.net\/?p=368897","title":{"rendered":"Proyecto innovador que potencia el desarrollo con licencias electr\u00f3nicas"},"content":{"rendered":"<ul>\n<li><strong><em>Reconocen en Metepec<\/em><\/strong><\/li>\n<\/ul>\n<p>&nbsp;<\/p>\n<div id=\"attachment_368976\" style=\"width: 470px\" class=\"wp-caption aligncenter\"><a href=\"http:\/\/www.diarioimagen.net\/?attachment_id=368976\" rel=\"attachment wp-att-368976\"><img loading=\"lazy\" decoding=\"async\" aria-describedby=\"caption-attachment-368976\" class=\"size-large wp-image-368976\" src=\"http:\/\/www.diarioimagen.net\/wp-content\/uploads\/2018\/03\/METEPEC-3330-460x259.jpg\" alt=\"\" width=\"460\" height=\"259\" srcset=\"https:\/\/www.diarioimagen.net\/wp-content\/uploads\/2018\/03\/METEPEC-3330-460x259.jpg 460w, https:\/\/www.diarioimagen.net\/wp-content\/uploads\/2018\/03\/METEPEC-3330-240x135.jpg 240w, https:\/\/www.diarioimagen.net\/wp-content\/uploads\/2018\/03\/METEPEC-3330-235x132.jpg 235w, https:\/\/www.diarioimagen.net\/wp-content\/uploads\/2018\/03\/METEPEC-3330-202x114.jpg 202w, https:\/\/www.diarioimagen.net\/wp-content\/uploads\/2018\/03\/METEPEC-3330-350x196.jpg 350w, https:\/\/www.diarioimagen.net\/wp-content\/uploads\/2018\/03\/METEPEC-3330-220x123.jpg 220w, https:\/\/www.diarioimagen.net\/wp-content\/uploads\/2018\/03\/METEPEC-3330-237x132.jpg 237w, https:\/\/www.diarioimagen.net\/wp-content\/uploads\/2018\/03\/METEPEC-3330.jpg 480w\" sizes=\"auto, (max-width: 460px) 100vw, 460px\" \/><\/a><p id=\"caption-attachment-368976\" class=\"wp-caption-text\">De acuerdo a las caracter\u00edstica del documento, \u00e9sta es la primera Licencia Permanente a nivel nacional que tiene la caracter\u00edstica de ser electr\u00f3nica.<\/p><\/div>\n<p>&nbsp;<\/p>\n<p><strong>Metepec, Estado de M\u00e9xico<\/strong>.- Por el proyecto de Licencia Electr\u00f3nica de Funcionamiento Comercial Permanente, que permite simplificar el tr\u00e1mite de refrendo y de esta forma estimular el desarrollo econ\u00f3mico en la demarcaci\u00f3n, el ayuntamiento de Metepec fue galardonado con el primer lugar del premio u-GOB Tecnolog\u00eda en Gobierno, en la categor\u00eda de Proyecto de e-Econom\u00eda en el \u00e1mbito municipal.<\/p>\n<p>El alcalde, David L\u00f3pez C\u00e1rdenas, detall\u00f3 que dicho proyecto (impulsado en la presente gesti\u00f3n municipal) ha permitido favorecer la productividad y competitividad de Metepec, gracias a los trabajos de simplificaci\u00f3n, modernizaci\u00f3n y agilizaci\u00f3n para realizar el tr\u00e1mite de licencia comercial.<\/p>\n<p>Con ello (refiri\u00f3) quienes acuden a este tipo de gesti\u00f3n administrativa ya no tendr\u00e1n que renovar su licencia peri\u00f3dicamente, sino que ahora s\u00f3lo realizar\u00e1n refrendos anuales, siempre y cuando las condiciones originales con la que fue expedida su licencia comercial no presenten modificaciones; adem\u00e1s, permite reducir considerablemente el uso de papel y la concentraci\u00f3n de archivo innecesario.<\/p>\n<p>L\u00f3pez C\u00e1rdenas resalt\u00f3 que, de acuerdo a las caracter\u00edsticas del documento, esta es la primera Licencia Permanente a nivel nacional que tiene la caracter\u00edstica de ser electr\u00f3nica.<\/p>\n<p>Explic\u00f3 que es a trav\u00e9s de un c\u00f3digo QR como se almacena la informaci\u00f3n de la licencia, adem\u00e1s que cuenta con un sello digital que es emitido por la Direcci\u00f3n General del Sistema Estatal de Inform\u00e1tica del Gobierno de Estado de M\u00e9xico, que sustituye la firma aut\u00f3grafa.<\/p>\n<p>Destacar que los Premios u-GOB son una iniciativa de la empresa UGEOBE Tecnolog\u00eda en Gobierno S. de R.L. de C.V, los cuales miden el impacto del beneficio a los ciudadanos con la aplicaci\u00f3n de pol\u00edticas p\u00fablicas, adem\u00e1s verifican que se refleje en ahorros, eficiencia en tiempos, entre otras caracter\u00edsticas.<\/p>\n","protected":false},"excerpt":{"rendered":"<p>Por el proyecto de Licencia Electr\u00f3nica de Funcionamiento Comercial Permanente, que permite simplificar el tr\u00e1mite de refrendo y de esta forma estimular el desarrollo econ\u00f3mico en la demarcaci\u00f3n, el ayuntamiento de Metepec fue galardonado con el primer lugar del premio u-GOB Tecnolog\u00eda en Gobierno, en la categor\u00eda de Proyecto de e-Econom\u00eda en el \u00e1mbito municipal.<\/p>\n","protected":false},"author":3,"featured_media":368976,"comment_status":"open","ping_status":"open","sticky":false,"template":"","format":"standard","meta":{"_monsterinsights_skip_tracking":false,"_monsterinsights_sitenote_active":false,"_monsterinsights_sitenote_note":"","_monsterinsights_sitenote_category":0,"footnotes":""},"categories":[35155],"tags":[43675,3191,876,66475],"class_list":["post-368897","post","type-post","status-publish","format-standard","has-post-thumbnail","hentry","category-estado-de-mexico-estado-de-mexico","tag-estado-de-mexico","tag-licencia","tag-metepec","tag-potencia"],"_links":{"self":[{"href":"https:\/\/www.diarioimagen.net\/index.php?rest_route=\/wp\/v2\/posts\/368897","targetHints":{"allow":["GET"]}}],"collection":[{"href":"https:\/\/www.diarioimagen.net\/index.php?rest_route=\/wp\/v2\/posts"}],"about":[{"href":"https:\/\/www.diarioimagen.net\/index.php?rest_route=\/wp\/v2\/types\/post"}],"author":[{"embeddable":true,"href":"https:\/\/www.diarioimagen.net\/index.php?rest_route=\/wp\/v2\/users\/3"}],"replies":[{"embeddable":true,"href":"https:\/\/www.diarioimagen.net\/index.php?rest_route=%2Fwp%2Fv2%2Fcomments&post=368897"}],"version-history":[{"count":0,"href":"https:\/\/www.diarioimagen.net\/index.php?rest_route=\/wp\/v2\/posts\/368897\/revisions"}],"wp:featuredmedia":[{"embeddable":true,"href":"https:\/\/www.diarioimagen.net\/index.php?rest_route=\/wp\/v2\/media\/368976"}],"wp:attachment":[{"href":"https:\/\/www.diarioimagen.net\/index.php?rest_route=%2Fwp%2Fv2%2Fmedia&parent=368897"}],"wp:term":[{"taxonomy":"category","embeddable":true,"href":"https:\/\/www.diarioimagen.net\/index.php?rest_route=%2Fwp%2Fv2%2Fcategories&post=368897"},{"taxonomy":"post_tag","embeddable":true,"href":"https:\/\/www.diarioimagen.net\/index.php?rest_route=%2Fwp%2Fv2%2Ftags&post=368897"}],"curies":[{"name":"wp","href":"https:\/\/api.w.org\/{rel}","templated":true}]}}