{"id":368903,"date":"2018-03-20T00:02:47","date_gmt":"2018-03-20T06:02:47","guid":{"rendered":"http:\/\/www.diarioimagen.net\/?p=368903"},"modified":"2018-03-20T06:25:01","modified_gmt":"2018-03-20T12:25:01","slug":"policia-de-atizapan-detiene-a-banda-dedicada-al-robo-en-comercios","status":"publish","type":"post","link":"https:\/\/www.diarioimagen.net\/?p=368903","title":{"rendered":"Polic\u00eda de Atizap\u00e1n detiene a banda dedicada al robo en comercios"},"content":{"rendered":"<p><a href=\"http:\/\/www.diarioimagen.net\/?attachment_id=368985\" rel=\"attachment wp-att-368985\"><img loading=\"lazy\" decoding=\"async\" class=\"aligncenter size-large wp-image-368985\" src=\"http:\/\/www.diarioimagen.net\/wp-content\/uploads\/2018\/03\/ATIZAPAN-3330-460x259.jpg\" alt=\"\" width=\"460\" height=\"259\" srcset=\"https:\/\/www.diarioimagen.net\/wp-content\/uploads\/2018\/03\/ATIZAPAN-3330-460x259.jpg 460w, https:\/\/www.diarioimagen.net\/wp-content\/uploads\/2018\/03\/ATIZAPAN-3330-240x135.jpg 240w, https:\/\/www.diarioimagen.net\/wp-content\/uploads\/2018\/03\/ATIZAPAN-3330-235x132.jpg 235w, https:\/\/www.diarioimagen.net\/wp-content\/uploads\/2018\/03\/ATIZAPAN-3330-202x114.jpg 202w, https:\/\/www.diarioimagen.net\/wp-content\/uploads\/2018\/03\/ATIZAPAN-3330-350x196.jpg 350w, https:\/\/www.diarioimagen.net\/wp-content\/uploads\/2018\/03\/ATIZAPAN-3330-220x123.jpg 220w, https:\/\/www.diarioimagen.net\/wp-content\/uploads\/2018\/03\/ATIZAPAN-3330-237x132.jpg 237w, https:\/\/www.diarioimagen.net\/wp-content\/uploads\/2018\/03\/ATIZAPAN-3330.jpg 480w\" sizes=\"auto, (max-width: 460px) 100vw, 460px\" \/><\/a><\/p>\n<p>&nbsp;<\/p>\n<p><strong>Atizap\u00e1n, Estado de M\u00e9xico.- <\/strong>Al encontrarse realizando su recorrido de seguridad y vigilancia por la zona de Hogares, elementos del Sector VI de la Polic\u00eda Municipal atendieron un llamado de emergencia recibido en el Centro de Monitoreo C-4, donde se report\u00f3 a un grupo hampones que presuntamente hab\u00edan robado mercanc\u00eda al interior de la tienda Mega Comercial Mexicana Hogares.<\/p>\n<p>&nbsp;<\/p>\n","protected":false},"excerpt":{"rendered":"<p>Al encontrarse realizando su recorrido de seguridad y vigilancia por la zona de Hogares, elementos del Sector VI de la Polic\u00eda Municipal atendieron un llamado de emergencia recibido en el Centro de Monitoreo C-4, donde se report\u00f3 a un grupo hampones que presuntamente hab\u00edan robado mercanc\u00eda al interior de la tienda Mega Comercial Mexicana Hogares.<\/p>\n","protected":false},"author":3,"featured_media":368985,"comment_status":"open","ping_status":"open","sticky":false,"template":"","format":"standard","meta":{"_monsterinsights_skip_tracking":false,"_monsterinsights_sitenote_active":false,"_monsterinsights_sitenote_note":"","_monsterinsights_sitenote_category":0,"footnotes":""},"categories":[35155],"tags":[969,24291,71923,687,13955],"class_list":["post-368903","post","type-post","status-publish","format-standard","has-post-thumbnail","hentry","category-estado-de-mexico-estado-de-mexico","tag-atizapan","tag-comercio","tag-estado-d-mexico","tag-policia","tag-robo"],"_links":{"self":[{"href":"https:\/\/www.diarioimagen.net\/index.php?rest_route=\/wp\/v2\/posts\/368903","targetHints":{"allow":["GET"]}}],"collection":[{"href":"https:\/\/www.diarioimagen.net\/index.php?rest_route=\/wp\/v2\/posts"}],"about":[{"href":"https:\/\/www.diarioimagen.net\/index.php?rest_route=\/wp\/v2\/types\/post"}],"author":[{"embeddable":true,"href":"https:\/\/www.diarioimagen.net\/index.php?rest_route=\/wp\/v2\/users\/3"}],"replies":[{"embeddable":true,"href":"https:\/\/www.diarioimagen.net\/index.php?rest_route=%2Fwp%2Fv2%2Fcomments&post=368903"}],"version-history":[{"count":0,"href":"https:\/\/www.diarioimagen.net\/index.php?rest_route=\/wp\/v2\/posts\/368903\/revisions"}],"wp:featuredmedia":[{"embeddable":true,"href":"https:\/\/www.diarioimagen.net\/index.php?rest_route=\/wp\/v2\/media\/368985"}],"wp:attachment":[{"href":"https:\/\/www.diarioimagen.net\/index.php?rest_route=%2Fwp%2Fv2%2Fmedia&parent=368903"}],"wp:term":[{"taxonomy":"category","embeddable":true,"href":"https:\/\/www.diarioimagen.net\/index.php?rest_route=%2Fwp%2Fv2%2Fcategories&post=368903"},{"taxonomy":"post_tag","embeddable":true,"href":"https:\/\/www.diarioimagen.net\/index.php?rest_route=%2Fwp%2Fv2%2Ftags&post=368903"}],"curies":[{"name":"wp","href":"https:\/\/api.w.org\/{rel}","templated":true}]}}