{"id":369068,"date":"2018-03-21T00:10:38","date_gmt":"2018-03-21T06:10:38","guid":{"rendered":"http:\/\/www.diarioimagen.net\/?p=369068"},"modified":"2018-03-21T04:58:23","modified_gmt":"2018-03-21T10:58:23","slug":"brindan-asesoria-integral-a-adultos-mayores-en-sus-hogares","status":"publish","type":"post","link":"https:\/\/www.diarioimagen.net\/?p=369068","title":{"rendered":"Brindan asesor\u00eda integral a adultos mayores en sus hogares"},"content":{"rendered":"<ul>\n<li><strong><em>Brigada Rosa de atenci\u00f3n multidisciplinaria<\/em><\/strong><\/li>\n<\/ul>\n<p>&nbsp;<\/p>\n<div id=\"attachment_369148\" style=\"width: 470px\" class=\"wp-caption aligncenter\"><a href=\"http:\/\/www.diarioimagen.net\/?attachment_id=369148\" rel=\"attachment wp-att-369148\"><img loading=\"lazy\" decoding=\"async\" aria-describedby=\"caption-attachment-369148\" class=\"size-large wp-image-369148\" src=\"http:\/\/www.diarioimagen.net\/wp-content\/uploads\/2018\/03\/ADULTOS-3331-460x325.jpg\" alt=\"\" width=\"460\" height=\"325\" srcset=\"https:\/\/www.diarioimagen.net\/wp-content\/uploads\/2018\/03\/ADULTOS-3331-460x325.jpg 460w, https:\/\/www.diarioimagen.net\/wp-content\/uploads\/2018\/03\/ADULTOS-3331-240x169.jpg 240w, https:\/\/www.diarioimagen.net\/wp-content\/uploads\/2018\/03\/ADULTOS-3331-90x65.jpg 90w, https:\/\/www.diarioimagen.net\/wp-content\/uploads\/2018\/03\/ADULTOS-3331.jpg 700w\" sizes=\"auto, (max-width: 460px) 100vw, 460px\" \/><\/a><p id=\"caption-attachment-369148\" class=\"wp-caption-text\">Brigadas Rosas brindar\u00e1n asesor\u00eda a adultos mayores en materia de geriatr\u00eda, gerontolog\u00eda, derecho, trabajo social y psicolog\u00eda.<\/p><\/div>\n<p>&nbsp;<\/p>\n<p><strong>Ecatepec, Estado de M\u00e9xico<\/strong>.- Los adultos mayores del Estado de M\u00e9xico ser\u00e1n visitados por una Brigada Rosa de atenci\u00f3n multidisciplinaria, conformada por profesionales que brindar\u00e1n asesoramiento en materia de geriatr\u00eda, gerontolog\u00eda, derecho, trabajo social y psicolog\u00eda.<\/p>\n<p>\u201cLes hago la presentaci\u00f3n de la complementariedad que va a tener nuestra atenci\u00f3n con los adultos mayores, est\u00e1n aqu\u00ed presentes m\u00e9dicos, geront\u00f3logos, geriatras que se van a ir incorporando para visitarlos en sus hogares\u201d, se\u00f1al\u00f3 Eric Sevilla Montes de Oca, titular de la Secretar\u00eda de Desarrollo Social del Estado de M\u00e9xico (Sedesem). Se trata de j\u00f3venes profesionistas de universidades p\u00fablicas de la entidad, que adem\u00e1s brindar\u00e1n tratamientos psicol\u00f3gicos y asesor\u00eda jur\u00eddica a solicitud de los interesados.<\/p>\n<p>\u201cHabr\u00e1 una nueva tarjeta ya con un chip espec\u00edfico para nuestros programas de adultos mayores en donde va a estar su historial cl\u00ednico y su historial social para que nadie m\u00e1s pueda ir a cobrar su canasta alimentaria\u201d, asegur\u00f3. Sevilla Montes de Oca inform\u00f3 que el programa Familias Fuertes Personas Adultas Mayores tiene el prop\u00f3sito de favorecer el acceso de alimentos a personas de 60 a\u00f1os de edad o m\u00e1s, que viven en condici\u00f3n de pobreza multidimensional en su dimensi\u00f3n de acceso a la alimentaci\u00f3n o vulnerabilidad.<\/p>\n<p>En este sentido, subray\u00f3 que las canastas alimentarias del programa Familias Fuertes Personas Adultas Mayores se modificaron a fin de ofrecer una dieta m\u00e1s balanceada y que contribuya a la salud de los beneficiarios con productos con mejores nutrientes para ellos.<\/p>\n<p>Por su parte, Mariano Camacho San Mart\u00edn, director de Programas Sociales, asever\u00f3 que el organismo a su cargo ha hecho un esfuerzo por mejorar las canastas alimentarias que ser\u00e1n un complemento de su alimentaci\u00f3n y un apoyo para sus hogares de las personas de la tercera edad.<\/p>\n<p>Agreg\u00f3 que la Sedesem trabaja todos los d\u00edas para abatir las carencias sociales y por mejorar los productos para dar m\u00e1s calidad y sobre todo nutricionales para quienes m\u00e1s lo necesitan.<\/p>\n<p>Esta brigada tambi\u00e9n ser\u00e1 complemento de los programas Familias Fuertes Alimentaci\u00f3n Mexiquense y Familias Fuertes Personas Adultas Mayores.<\/p>\n<p>El programa Familias Fuertes Alimentaci\u00f3n Mexiquense favorecer\u00e1 el acceso a alimentos en personas de entre 18 y hasta 60 a\u00f1os, que viven en condici\u00f3n de pobreza multidimensional, en su dimensi\u00f3n alimentaria o vulnerabilidad, a trav\u00e9s de la entrega de canastas alimentarias.<\/p>\n","protected":false},"excerpt":{"rendered":"<p>Los adultos mayores del Estado de M\u00e9xico ser\u00e1n visitados por una Brigada Rosa de atenci\u00f3n multidisciplinaria, conformada por profesionales que brindar\u00e1n asesoramiento en materia de geriatr\u00eda, gerontolog\u00eda, derecho, trabajo social y psicolog\u00eda.<\/p>\n","protected":false},"author":3,"featured_media":369148,"comment_status":"open","ping_status":"open","sticky":false,"template":"","format":"standard","meta":{"_monsterinsights_skip_tracking":false,"_monsterinsights_sitenote_active":false,"_monsterinsights_sitenote_note":"","_monsterinsights_sitenote_category":0,"footnotes":""},"categories":[5],"tags":[22805,71967,454,43675],"class_list":["post-369068","post","type-post","status-publish","format-standard","has-post-thumbnail","hentry","category-estado-de-mexico","tag-adulto-mayor","tag-brigadas-rosas","tag-ecatepec","tag-estado-de-mexico"],"_links":{"self":[{"href":"https:\/\/www.diarioimagen.net\/index.php?rest_route=\/wp\/v2\/posts\/369068","targetHints":{"allow":["GET"]}}],"collection":[{"href":"https:\/\/www.diarioimagen.net\/index.php?rest_route=\/wp\/v2\/posts"}],"about":[{"href":"https:\/\/www.diarioimagen.net\/index.php?rest_route=\/wp\/v2\/types\/post"}],"author":[{"embeddable":true,"href":"https:\/\/www.diarioimagen.net\/index.php?rest_route=\/wp\/v2\/users\/3"}],"replies":[{"embeddable":true,"href":"https:\/\/www.diarioimagen.net\/index.php?rest_route=%2Fwp%2Fv2%2Fcomments&post=369068"}],"version-history":[{"count":0,"href":"https:\/\/www.diarioimagen.net\/index.php?rest_route=\/wp\/v2\/posts\/369068\/revisions"}],"wp:featuredmedia":[{"embeddable":true,"href":"https:\/\/www.diarioimagen.net\/index.php?rest_route=\/wp\/v2\/media\/369148"}],"wp:attachment":[{"href":"https:\/\/www.diarioimagen.net\/index.php?rest_route=%2Fwp%2Fv2%2Fmedia&parent=369068"}],"wp:term":[{"taxonomy":"category","embeddable":true,"href":"https:\/\/www.diarioimagen.net\/index.php?rest_route=%2Fwp%2Fv2%2Fcategories&post=369068"},{"taxonomy":"post_tag","embeddable":true,"href":"https:\/\/www.diarioimagen.net\/index.php?rest_route=%2Fwp%2Fv2%2Ftags&post=369068"}],"curies":[{"name":"wp","href":"https:\/\/api.w.org\/{rel}","templated":true}]}}