{"id":369106,"date":"2018-03-21T00:09:16","date_gmt":"2018-03-21T06:09:16","guid":{"rendered":"http:\/\/www.diarioimagen.net\/?p=369106"},"modified":"2018-03-21T05:35:41","modified_gmt":"2018-03-21T11:35:41","slug":"ya-suman-36-los-arco-techos-que-han-construido-en-escuelas-de-tlalnepantla","status":"publish","type":"post","link":"https:\/\/www.diarioimagen.net\/?p=369106","title":{"rendered":"Ya suman 36 los arco-techos que han construido en escuelas de Tlalnepantla"},"content":{"rendered":"<ul>\n<li><strong><em>Ser\u00e1n 43 en la administraci\u00f3n de Denisse Ugalde<\/em><\/strong><\/li>\n<\/ul>\n<p>&nbsp;<\/p>\n<p><a href=\"http:\/\/www.diarioimagen.net\/?attachment_id=369169\" rel=\"attachment wp-att-369169\"><img loading=\"lazy\" decoding=\"async\" class=\"aligncenter size-large wp-image-369169\" src=\"http:\/\/www.diarioimagen.net\/wp-content\/uploads\/2018\/03\/turismo-3331-1-460x259.jpg\" alt=\"\" width=\"460\" height=\"259\" srcset=\"https:\/\/www.diarioimagen.net\/wp-content\/uploads\/2018\/03\/turismo-3331-1-460x259.jpg 460w, https:\/\/www.diarioimagen.net\/wp-content\/uploads\/2018\/03\/turismo-3331-1-240x135.jpg 240w, https:\/\/www.diarioimagen.net\/wp-content\/uploads\/2018\/03\/turismo-3331-1-235x132.jpg 235w, https:\/\/www.diarioimagen.net\/wp-content\/uploads\/2018\/03\/turismo-3331-1-202x114.jpg 202w, https:\/\/www.diarioimagen.net\/wp-content\/uploads\/2018\/03\/turismo-3331-1-350x196.jpg 350w, https:\/\/www.diarioimagen.net\/wp-content\/uploads\/2018\/03\/turismo-3331-1-220x123.jpg 220w, https:\/\/www.diarioimagen.net\/wp-content\/uploads\/2018\/03\/turismo-3331-1-237x132.jpg 237w, https:\/\/www.diarioimagen.net\/wp-content\/uploads\/2018\/03\/turismo-3331-1.jpg 480w\" sizes=\"auto, (max-width: 460px) 100vw, 460px\" \/><\/a><\/p>\n<p>&nbsp;<\/p>\n<p>&nbsp;<\/p>\n<p><strong>Tlalnepantla, Estado de M\u00e9xico<\/strong>.- El gobierno local contin\u00faa invirtiendo en infraestructura educativa, por lo que a la fecha suman ya 36 los arco-techos instalados en distintas escuelas, de un total de 43 que se colocar\u00e1n durante la administraci\u00f3n 2016\u2013 2018 y en los que se habr\u00e1 ejercido un presupuesto superior a los 49 millones 76 mil pesos.<\/p>\n<p>La alcaldesa, Denisse Ugalde, inform\u00f3 que para procurar instalaciones dignas, el gobierno local trabaja en el mejoramiento de los planteles educativos, aun cuando esto no es responsabilidad de la autoridad municipal. Destac\u00f3 que adem\u00e1s de la colocaci\u00f3n de arcotechos en los patios y \u00e1reas de educaci\u00f3n f\u00edsica, distintos planteles tambi\u00e9n han sido favorecidos con la rehabilitaci\u00f3n de sus instalaciones, garantizando as\u00ed espacios c\u00f3modos para el alumnado.<\/p>\n<p>Puntualiz\u00f3 que mediante esta iniciativa, las ni\u00f1as y ni\u00f1os de Tlalnepantla podr\u00e1n realizar diversas actividades deportivas y culturales al aire libre sin verse afectados por las condiciones climatol\u00f3gicas.<\/p>\n<p>Al respecto, el director de Obras P\u00fablicas, Israel Dom\u00ednguez Zavala, inform\u00f3 que a la fecha ya han sido instalados 36 arcotechos, uno est\u00e1 en proceso y seis m\u00e1s est\u00e1n por iniciar.<\/p>\n<p>Asegur\u00f3 que se siguen atendiendo las principales necesidades de las escuelas, por lo que al concluir esta administraci\u00f3n, el gobierno local habr\u00e1 ejercido un presupuesto hist\u00f3rico en este rubro.<\/p>\n<p>Entre las escuelas que ya tienen su arcotecho se encuentran las primarias \u201cAgrip\u00edn Garc\u00eda Estrada\u201d, ubicada en la Unidad Habitacional Valle del Tenayo; \u201cHermenegildo Galeana\u201d, en Constituci\u00f3n de 1917; \u201cAntonio Caso\u201d, en Divisi\u00f3n del Norte;\u00a0 \u201cRam\u00f3n Garc\u00eda Ch\u00e1vez\u201d, en Chalma La Uni\u00f3n; as\u00ed como la secundaria \u201cJaime Sabines\u201d, en la L\u00e1zaro C\u00e1rdenas 1\u00aa secci\u00f3n, por mencionar algunas.<\/p>\n","protected":false},"excerpt":{"rendered":"<p>El gobierno local contin\u00faa invirtiendo en infraestructura educativa, por lo que a la fecha suman ya 36 los arco-techos instalados en distintas escuelas, de un total de 43 que se colocar\u00e1n durante la administraci\u00f3n 2016\u2013 2018 y en los que se habr\u00e1 ejercido un presupuesto superior a los 49 millones 76 mil pesos.<\/p>\n","protected":false},"author":3,"featured_media":369169,"comment_status":"open","ping_status":"open","sticky":false,"template":"","format":"standard","meta":{"_monsterinsights_skip_tracking":false,"_monsterinsights_sitenote_active":false,"_monsterinsights_sitenote_note":"","_monsterinsights_sitenote_category":0,"footnotes":""},"categories":[35155],"tags":[71975,207,43675,169],"class_list":["post-369106","post","type-post","status-publish","format-standard","has-post-thumbnail","hentry","category-estado-de-mexico-estado-de-mexico","tag-construidas","tag-escuelas","tag-estado-de-mexico","tag-tlalnepantla"],"_links":{"self":[{"href":"https:\/\/www.diarioimagen.net\/index.php?rest_route=\/wp\/v2\/posts\/369106","targetHints":{"allow":["GET"]}}],"collection":[{"href":"https:\/\/www.diarioimagen.net\/index.php?rest_route=\/wp\/v2\/posts"}],"about":[{"href":"https:\/\/www.diarioimagen.net\/index.php?rest_route=\/wp\/v2\/types\/post"}],"author":[{"embeddable":true,"href":"https:\/\/www.diarioimagen.net\/index.php?rest_route=\/wp\/v2\/users\/3"}],"replies":[{"embeddable":true,"href":"https:\/\/www.diarioimagen.net\/index.php?rest_route=%2Fwp%2Fv2%2Fcomments&post=369106"}],"version-history":[{"count":0,"href":"https:\/\/www.diarioimagen.net\/index.php?rest_route=\/wp\/v2\/posts\/369106\/revisions"}],"wp:featuredmedia":[{"embeddable":true,"href":"https:\/\/www.diarioimagen.net\/index.php?rest_route=\/wp\/v2\/media\/369169"}],"wp:attachment":[{"href":"https:\/\/www.diarioimagen.net\/index.php?rest_route=%2Fwp%2Fv2%2Fmedia&parent=369106"}],"wp:term":[{"taxonomy":"category","embeddable":true,"href":"https:\/\/www.diarioimagen.net\/index.php?rest_route=%2Fwp%2Fv2%2Fcategories&post=369106"},{"taxonomy":"post_tag","embeddable":true,"href":"https:\/\/www.diarioimagen.net\/index.php?rest_route=%2Fwp%2Fv2%2Ftags&post=369106"}],"curies":[{"name":"wp","href":"https:\/\/api.w.org\/{rel}","templated":true}]}}