{"id":369142,"date":"2018-03-21T00:01:10","date_gmt":"2018-03-21T06:01:10","guid":{"rendered":"http:\/\/www.diarioimagen.net\/?p=369142"},"modified":"2018-03-21T04:55:47","modified_gmt":"2018-03-21T10:55:47","slug":"refuerzan-medidas-epidemiologicas-contra-varicela","status":"publish","type":"post","link":"https:\/\/www.diarioimagen.net\/?p=369142","title":{"rendered":"Refuerzan medidas epidemiol\u00f3gicas contra varicela"},"content":{"rendered":"<h2>Derecho de r\u00e9plica<\/h2>\n<p>&nbsp;<\/p>\n<ul>\n<li><em><strong> Quintana Roo registra 648 casos, concentrados en Canc\u00fan y en Oth\u00f3n P. Blanco<\/strong><\/em><\/li>\n<\/ul>\n<p>&nbsp;<\/p>\n<p>Luego del reporte del Sistema Nacional de Vigilancia Epidemiol\u00f3gica (SINAVE), correspondiente a la octava semana, las alertas fueron encendidas en la frontera sur, particularmente en Oth\u00f3n P. Blanco, frontera con Belice y Guatemala, luego de los 82 casos de varicela que se han presentado en las primeras ocho semanas de 2018.<\/p>\n<p>El doctor, Fidel Cabrera Olivera, director de Salud Municipal, inform\u00f3 que aunque Oth\u00f3n P. Blanco s\u00f3lo registra el 12.6 por ciento del total de casos que acumula Quintana Roo y que m\u00e1s del 50% se concentran en Benito Ju\u00e1rez, se decidi\u00f3 ponerse \u201calerta\u201d para evitar la propagaci\u00f3n de dicha enfermedad, que se est\u00e1 dando en demas\u00eda en Centroam\u00e9rica.<\/p>\n<p>Hasta el momento, seg\u00fan las cifras oficiales del SINAVE, Quintana Roo registra 648 casos de varicela, concentrados principalmente en Canc\u00fan, y en Oth\u00f3n P. Blanco.<\/p>\n<p>Debido al flujo de personas que arriban a la capital del estado y ante la llegada del periodo vacacional, autoridades sanitarias reforzar\u00e1n los cercos epidemiol\u00f3gicos en Chetumal, a fin de evitar reducir los casos.<\/p>\n<p>Entre los s\u00edntomas que la varicela presenta son: las ronchas en la piel con peque\u00f1as erupciones, que suele ser confundida con sarampi\u00f3n o rub\u00e9ola, por lo que se recomienda acudir de inmediato al m\u00e9dico de cualquier Centro de Salud, as\u00ed como a los hospitales del IMSS, ISSSTE y SESA, para evitar un brote epidemiol\u00f3gico.<\/p>\n<p>La indicaci\u00f3n de estas medidas preventivas las instruy\u00f3 la Jurisdicci\u00f3n Sanitaria 1 y en el caso de Sesa, se acata de inmediato, por lo que se suman al monitoreo constante, sobre todo donde exista el cruce o aglomeraci\u00f3n de visitantes y m\u00e1s de los que provienen del extranjero.<\/p>\n<p style=\"text-align: center;\"><b>Ni\u00f1os que huyen de casa no siempre aparecen<\/b><\/p>\n<p>El 97 por ciento de los casos de ni\u00f1os extraviados es producto de su desaparici\u00f3n por voluntad propia, seg\u00fan consta en al menos 500 denuncias al a\u00f1o en la Fiscal\u00eda General del Estado, a trav\u00e9s de su \u00e1rea de Personas Desaparecidas.<\/p>\n<p>Los ni\u00f1os y adolescentes desaparecidos, por diversas circunstancias se van de casa, sin medir los riesgos, de manera que con el reporte se activa la Alerta Amber y muchas veces los menores simplemente no quieren regresar con sus padres y se aventuran en \u201csituaciones\u201d de las cuales dif\u00edcilmente pueden escapar.<\/p>\n<p>Luis Alberto Dorantes, responsable del \u00e1rea, dijo que el tiempo es vital cuando desaparece un menor, toda vez que un ni\u00f1o pudiera ser v\u00edctima de alg\u00fan delito de \u00edndole sexual o de alguna otra situaci\u00f3n que ponga en riesgo su integridad f\u00edsica o su vida.<\/p>\n<p>Desde los primeros minutos de la desaparici\u00f3n, habl\u00f3 de la importancia dar a aviso a la Fiscal\u00eda General del Estado, quienes a trav\u00e9s de esta Unidad de Atenci\u00f3n a Personas Desaparecidas tienen la obligaci\u00f3n de atenderlos, recibir la denuncia e iniciar la investigaci\u00f3n y la b\u00fasqueda, y finalmente la presentaci\u00f3n de los menores.<\/p>\n<p>Mencion\u00f3 la importancia de la actualizaci\u00f3n de fotograf\u00edas de los integrantes de su familia, de tal manera que al momento de hacer el reporte, se acuda presentando consigo una fotograf\u00eda clara y actual de la persona desaparecida para facilitar la b\u00fasqueda.<\/p>\n<p style=\"text-align: center;\"><b>Interviene Derechos Humanos por caso Santa Rosa<\/b><\/p>\n<p>La Comisi\u00f3n de Derechos Humanos de Quintana Roo intervino por oficio en los hechos violentos suscitados en la poblaci\u00f3n de Santa Rosa, ubicada en la zona lim\u00edtrofe con Campeche, perpetrados por polic\u00edas de Campeche, contra habitantes de nuestro estado, por el control de un pozo de agua potable.<\/p>\n<p>De este problema, acontecido en la comunidad quintanarroense de Santa Rosa el pasado 17 de marzo, por el incumplimiento de ambos gobiernos, los campesinos tomaron las instalaciones del pozo, que abastece a otras 10 comunidades, como medida de presi\u00f3n para solicitar la presencia de las autoridades y entablar un di\u00e1logo con los pobladores, lo que no aconteci\u00f3.<\/p>\n<p>En respuesta, el gobierno campechano mand\u00f3 60 polic\u00edas antimotines a golpear a ni\u00f1os, ancianos, mujeres, a quienes les rociaron gas lacrim\u00f3geno para dispersarlos y \u201crecuperar\u201d las instalaciones del pozo y la Casa Ejidal.<\/p>\n<p>El presidente de la CDHEQROO, Marco Antonio Toh Eu\u00e1n, confirm\u00f3 que este organismo intervino en el caso Santa Rosa, ya que ciudadanos fueron agredidos en un claro atropello por parte de autoridades campechanas.<\/p>\n<p>De acuerdo con el ombudsman, desde el pasado s\u00e1bado por la tarde, en primera instancia, entabl\u00f3 comunicaci\u00f3n con su filial de Campeche, donde se les notific\u00f3 que hasta ese momento, no se hab\u00eda iniciado ninguna investigaci\u00f3n al respecto.<\/p>\n<p style=\"text-align: center;\"><b>Portilla ya no ser\u00e1 candidato\u00a0<\/b><\/p>\n<p>El ex secretario de Infraestructura y Transporte, Jorge Portilla M\u00e1nica, desisti\u00f3 de su precandidatura para la presidencia municipal de Tulum, pues dice el runr\u00fan que el ex funcionario y terrateniente, puede estar bajo dos investigaciones; la primera, la que realiza la Auditor\u00eda Superior de la Federaci\u00f3n, ya que verifican la realizaci\u00f3n de obras del Programa de Dignificaci\u00f3n de las Comunidades Mayas, donde se tiene una inversi\u00f3n superior a los 190 millones de pesos y en la que 70% se realiza en Felipe Carrillo Puerto; dicen en ese municipio, no se nota mucho -que digamos- el trabajo de Portilla M\u00e1nica en el lugar.<\/p>\n<p>La otra investigaci\u00f3n la realizar\u00eda la SEIDO, pues el due\u00f1o de miles de hect\u00e1reas en Tulum, Jorge Portilla, ten\u00eda sus secretitos guardados en las cajas de seguridad de First National Security, que fueron decomisadas por la dependencia federal. \u00a1Sopas perico! Que guardadito se lo ten\u00eda, pues hasta ahora sale su nombre a relucir entre los arrendatarios de esa empresa.<\/p>\n","protected":false},"excerpt":{"rendered":"<p><span style=\"color: #005497;\"><strong>Derecho de r\u00e9plica<\/strong><\/span><\/p>\n","protected":false},"author":1,"featured_media":0,"comment_status":"open","ping_status":"open","sticky":false,"template":"","format":"standard","meta":{"_monsterinsights_skip_tracking":false,"_monsterinsights_sitenote_active":false,"_monsterinsights_sitenote_note":"","_monsterinsights_sitenote_category":0,"footnotes":""},"categories":[62907],"tags":[47840,43674],"class_list":["post-369142","post","type-post","status-publish","format-standard","hentry","category-derecho-de-replica","tag-derecho-de-replica","tag-opinion"],"_links":{"self":[{"href":"https:\/\/www.diarioimagen.net\/index.php?rest_route=\/wp\/v2\/posts\/369142","targetHints":{"allow":["GET"]}}],"collection":[{"href":"https:\/\/www.diarioimagen.net\/index.php?rest_route=\/wp\/v2\/posts"}],"about":[{"href":"https:\/\/www.diarioimagen.net\/index.php?rest_route=\/wp\/v2\/types\/post"}],"author":[{"embeddable":true,"href":"https:\/\/www.diarioimagen.net\/index.php?rest_route=\/wp\/v2\/users\/1"}],"replies":[{"embeddable":true,"href":"https:\/\/www.diarioimagen.net\/index.php?rest_route=%2Fwp%2Fv2%2Fcomments&post=369142"}],"version-history":[{"count":0,"href":"https:\/\/www.diarioimagen.net\/index.php?rest_route=\/wp\/v2\/posts\/369142\/revisions"}],"wp:attachment":[{"href":"https:\/\/www.diarioimagen.net\/index.php?rest_route=%2Fwp%2Fv2%2Fmedia&parent=369142"}],"wp:term":[{"taxonomy":"category","embeddable":true,"href":"https:\/\/www.diarioimagen.net\/index.php?rest_route=%2Fwp%2Fv2%2Fcategories&post=369142"},{"taxonomy":"post_tag","embeddable":true,"href":"https:\/\/www.diarioimagen.net\/index.php?rest_route=%2Fwp%2Fv2%2Ftags&post=369142"}],"curies":[{"name":"wp","href":"https:\/\/api.w.org\/{rel}","templated":true}]}}