{"id":369204,"date":"2018-03-22T00:14:01","date_gmt":"2018-03-22T06:14:01","guid":{"rendered":"http:\/\/www.diarioimagen.net\/?p=369204"},"modified":"2018-03-22T01:51:21","modified_gmt":"2018-03-22T07:51:21","slug":"hallan-muerta-a-ninera-detenida-por-maltratar-a-gemelos-en-tlaxcala","status":"publish","type":"post","link":"https:\/\/www.diarioimagen.net\/?p=369204","title":{"rendered":"Hallan muerta a ni\u00f1era detenida por maltratar a gemelos en Tlaxcala"},"content":{"rendered":"<ul>\n<li><em><strong>Colgado de un tubo de su celda<\/strong><\/em><\/li>\n<\/ul>\n<p>&nbsp;<\/p>\n<div id=\"attachment_369205\" style=\"width: 470px\" class=\"wp-caption aligncenter\"><img loading=\"lazy\" decoding=\"async\" aria-describedby=\"caption-attachment-369205\" class=\"size-large wp-image-369205\" src=\"http:\/\/www.diarioimagen.net\/wp-content\/uploads\/2018\/03\/NI\u00d1ERA22-portal-460x268.jpg\" alt=\"\" width=\"460\" height=\"268\" srcset=\"https:\/\/www.diarioimagen.net\/wp-content\/uploads\/2018\/03\/NI\u00d1ERA22-portal-460x268.jpg 460w, https:\/\/www.diarioimagen.net\/wp-content\/uploads\/2018\/03\/NI\u00d1ERA22-portal-240x140.jpg 240w, https:\/\/www.diarioimagen.net\/wp-content\/uploads\/2018\/03\/NI\u00d1ERA22-portal.jpg 480w\" sizes=\"auto, (max-width: 460px) 100vw, 460px\" \/><p id=\"caption-attachment-369205\" class=\"wp-caption-text\">El cuerpo de Elisa \u00abN\u00bb fue localizado la ma\u00f1ana de este mi\u00e9rcoles colgado de un tubo de su celda.<\/p><\/div>\n<p>&nbsp;<\/p>\n<p>La ni\u00f1era captada en un video mientras maltrataba a unos gemelos a su cargo, fue hallada este mi\u00e9rcoles muerta en su celda del Cereso a donde hab\u00eda sido trasladada el martes, confirm\u00f3 la Fiscal\u00eda de Tlaxcala.<\/p>\n<p>El Procurador General de Justicia del estado de Tlaxcala, Jos\u00e9 Aaron P\u00e9rez Cano, y el encargado de la Subprocuradur\u00eda, Jos\u00e9 Antonio Aquiahuatl S\u00e1nchez, explicaron que el cuerpo de Elisa \u00abN\u00bb fue localizado alrededor de las 7:05 horas, colgado de un tubo de la cama.<\/p>\n<p>Inform\u00f3 que se inici\u00f3 una carpeta de investigaci\u00f3n sobre los hechos ocurridos con el fin de esclarecer las causas del deceso.<\/p>\n<p>P\u00e9rez Cano indic\u00f3 que, debido a las circunstancias en las que se hall\u00f3 el cuerpo de Elisa \u201cN\u201d, colgado con una cinta de tela que la Procuradur\u00eda advierte fue desprendida de una colchoneta habilitada en el lugar, podr\u00eda tratarse de un suicidio.<\/p>\n<p>La ni\u00f1era se encontraba aislada en el \u00e1rea conocida como \u201cestancia n\u00famero 1\u201d del Anexo Femenil del Centro de Reinserci\u00f3n Social (Cereso) de Apizaco, por lo que la Procuradur\u00eda informa que no tuvo contacto con ning\u00fan otra persona ingresada al penal.<\/p>\n<p>Se dio a conocer que la imputada estaba a la espera de ser llamada a la audiencia inicial por el Juez de Control, para ser juzgada al respecto del delito de lesiones calificadas.<\/p>\n<p>El Procurador de la entidad inform\u00f3 que hasta el momento no existen datos probatorios de que Elisa \u201cN\u201d fuera amenazada por internas del penal.<\/p>\n<p>Tambi\u00e9n indic\u00f3 que hasta el momento no hay personal del penal detenido, pero se llevan a acabo las investigaciones pertinentes para dirimir responsabilidades.<\/p>\n<p>Dijo que el lugar cuenta con c\u00e1maras de vigilancia pero que las cintas de las mismas forman parte de la investigaci\u00f3n y por ello no se pueden revelar sus contenidos.<\/p>\n<p>Elisa \u201cN\u201d fue detenida por su presunta responsabilidad en el maltrato a dos gemelos que tuvo bajo su cuidado durante un a\u00f1o, en el municipio de Yauhquemehcan.<\/p>\n<p>La imputada fue aprehendida en el municipio de Apizaco por la Polic\u00eda de Investigaci\u00f3n.<\/p>\n","protected":false},"excerpt":{"rendered":"<p>La ni\u00f1era captada en un video mientras maltrataba a unos gemelos a su cargo, fue hallada este mi\u00e9rcoles muerta en su celda del Cereso a donde hab\u00eda sido trasladada el martes, confirm\u00f3 la Fiscal\u00eda de Tlaxcala.<\/p>\n","protected":false},"author":5,"featured_media":369205,"comment_status":"open","ping_status":"open","sticky":false,"template":"","format":"standard","meta":{"_monsterinsights_skip_tracking":false,"_monsterinsights_sitenote_active":false,"_monsterinsights_sitenote_note":"","_monsterinsights_sitenote_category":0,"footnotes":""},"categories":[7],"tags":[71981,71979,71982,71980,43677,51],"class_list":["post-369204","post","type-post","status-publish","format-standard","has-post-thumbnail","hentry","category-seguridad","tag-colgado","tag-hallan-muerta-a-ninera","tag-jose-antonio-aquiahuatl-sanchez","tag-maltratar-a-gemelos","tag-seguridad","tag-tlaxcala"],"_links":{"self":[{"href":"https:\/\/www.diarioimagen.net\/index.php?rest_route=\/wp\/v2\/posts\/369204","targetHints":{"allow":["GET"]}}],"collection":[{"href":"https:\/\/www.diarioimagen.net\/index.php?rest_route=\/wp\/v2\/posts"}],"about":[{"href":"https:\/\/www.diarioimagen.net\/index.php?rest_route=\/wp\/v2\/types\/post"}],"author":[{"embeddable":true,"href":"https:\/\/www.diarioimagen.net\/index.php?rest_route=\/wp\/v2\/users\/5"}],"replies":[{"embeddable":true,"href":"https:\/\/www.diarioimagen.net\/index.php?rest_route=%2Fwp%2Fv2%2Fcomments&post=369204"}],"version-history":[{"count":0,"href":"https:\/\/www.diarioimagen.net\/index.php?rest_route=\/wp\/v2\/posts\/369204\/revisions"}],"wp:featuredmedia":[{"embeddable":true,"href":"https:\/\/www.diarioimagen.net\/index.php?rest_route=\/wp\/v2\/media\/369205"}],"wp:attachment":[{"href":"https:\/\/www.diarioimagen.net\/index.php?rest_route=%2Fwp%2Fv2%2Fmedia&parent=369204"}],"wp:term":[{"taxonomy":"category","embeddable":true,"href":"https:\/\/www.diarioimagen.net\/index.php?rest_route=%2Fwp%2Fv2%2Fcategories&post=369204"},{"taxonomy":"post_tag","embeddable":true,"href":"https:\/\/www.diarioimagen.net\/index.php?rest_route=%2Fwp%2Fv2%2Ftags&post=369204"}],"curies":[{"name":"wp","href":"https:\/\/api.w.org\/{rel}","templated":true}]}}