{"id":369243,"date":"2018-03-22T00:10:12","date_gmt":"2018-03-22T06:10:12","guid":{"rendered":"http:\/\/www.diarioimagen.net\/?p=369243"},"modified":"2018-03-22T05:17:09","modified_gmt":"2018-03-22T11:17:09","slug":"brindan-2-mil-500-terapias-a-ninos-con-sindrome-de-down","status":"publish","type":"post","link":"https:\/\/www.diarioimagen.net\/?p=369243","title":{"rendered":"Brindan 2 mil 500 terapias a ni\u00f1os con s\u00edndrome de Down"},"content":{"rendered":"<ul>\n<li><strong><em>Orientaci\u00f3n m\u00e9dica gratuita<\/em><\/strong><\/li>\n<\/ul>\n<p>&nbsp;<\/p>\n<p><a href=\"http:\/\/www.diarioimagen.net\/?attachment_id=369331\" rel=\"attachment wp-att-369331\"><img loading=\"lazy\" decoding=\"async\" class=\"aligncenter size-large wp-image-369331\" src=\"http:\/\/www.diarioimagen.net\/wp-content\/uploads\/2018\/03\/terapia-3332-460x259.jpg\" alt=\"\" width=\"460\" height=\"259\" srcset=\"https:\/\/www.diarioimagen.net\/wp-content\/uploads\/2018\/03\/terapia-3332-460x259.jpg 460w, https:\/\/www.diarioimagen.net\/wp-content\/uploads\/2018\/03\/terapia-3332-240x135.jpg 240w, https:\/\/www.diarioimagen.net\/wp-content\/uploads\/2018\/03\/terapia-3332-235x132.jpg 235w, https:\/\/www.diarioimagen.net\/wp-content\/uploads\/2018\/03\/terapia-3332-202x114.jpg 202w, https:\/\/www.diarioimagen.net\/wp-content\/uploads\/2018\/03\/terapia-3332-350x196.jpg 350w, https:\/\/www.diarioimagen.net\/wp-content\/uploads\/2018\/03\/terapia-3332-220x123.jpg 220w, https:\/\/www.diarioimagen.net\/wp-content\/uploads\/2018\/03\/terapia-3332-237x132.jpg 237w, https:\/\/www.diarioimagen.net\/wp-content\/uploads\/2018\/03\/terapia-3332.jpg 480w\" sizes=\"auto, (max-width: 460px) 100vw, 460px\" \/><\/a><\/p>\n<p>&nbsp;<\/p>\n<p><strong>Toluca, Estado de M\u00e9xico<\/strong>.- En el marco del D\u00eda Internacional del S\u00edndrome de Down, que se celebr\u00f3 ayer, la Secretar\u00eda de Salud inform\u00f3 que en el \u00faltimo a\u00f1o brind\u00f3 2 mil 500 terapias gratuitas a pacientes con esta enfermedad en el Centro Estatal de Rehabilitaci\u00f3n y Educaci\u00f3n Especial (CEREE) y los Centros Integrales de Salud Mental (CISAME).<\/p>\n<p>El s\u00edndrome de Down es un trastorno gen\u00e9tico que provoca retraso intelectual y motriz, el cual puede ser detectado en etapa prenatal y en el nacimiento.<\/p>\n<p>Por ello, el CEREE brind\u00f3 2 mil 500 sesiones de terapia f\u00edsica, ocupacional y de psicolog\u00eda en las \u00e1reas de hidroterapia, mecanoterapia, estimulaci\u00f3n multisensorial y estimulaci\u00f3n temprana, en beneficio de 76 pacientes.<\/p>\n<p>Por su parte, los CISAME de Chimalhuac\u00e1n e Ixtapaluca, ofrecieron 75 consultas a igual n\u00famero de pacientes, quienes recibieron orientaci\u00f3n m\u00e9dica y detecci\u00f3n de otros trastornos a la salud como: cardiopat\u00edas cong\u00e9nitas que afectan a la mitad de este tipo de pacientes, hipertensi\u00f3n pulmonar, deficiencias auditivas y visuales (estrabismo, miop\u00eda, hipermetrop\u00eda y cataratas), para posteriormente canalizarlos a unidades de salud especializadas.<\/p>\n<p>La Secretar\u00eda de Salud detalla que las mujeres mayores de 35 a\u00f1os tienen riesgo significativo de tener un ni\u00f1o con este s\u00edndrome, pues la probabilidad crece a uno entre 400 a esta edad y a uno entre 100 a los 40 a\u00f1os.<\/p>\n","protected":false},"excerpt":{"rendered":"<p>En el marco del D\u00eda Internacional del S\u00edndrome de Down, que se celebr\u00f3 ayer, la Secretar\u00eda de Salud inform\u00f3 que en el \u00faltimo a\u00f1o brind\u00f3 2 mil 500 terapias gratuitas a pacientes con esta enfermedad en el Centro Estatal de Rehabilitaci\u00f3n y Educaci\u00f3n Especial (CEREE) y los Centros Integrales de Salud Mental (CISAME).<\/p>\n","protected":false},"author":3,"featured_media":369331,"comment_status":"open","ping_status":"open","sticky":false,"template":"","format":"standard","meta":{"_monsterinsights_skip_tracking":false,"_monsterinsights_sitenote_active":false,"_monsterinsights_sitenote_note":"","_monsterinsights_sitenote_category":0,"footnotes":""},"categories":[5],"tags":[43675,72015,72014,452],"class_list":["post-369243","post","type-post","status-publish","format-standard","has-post-thumbnail","hentry","category-estado-de-mexico","tag-estado-de-mexico","tag-rerapias","tag-sindrome-de-eown","tag-toluca"],"_links":{"self":[{"href":"https:\/\/www.diarioimagen.net\/index.php?rest_route=\/wp\/v2\/posts\/369243","targetHints":{"allow":["GET"]}}],"collection":[{"href":"https:\/\/www.diarioimagen.net\/index.php?rest_route=\/wp\/v2\/posts"}],"about":[{"href":"https:\/\/www.diarioimagen.net\/index.php?rest_route=\/wp\/v2\/types\/post"}],"author":[{"embeddable":true,"href":"https:\/\/www.diarioimagen.net\/index.php?rest_route=\/wp\/v2\/users\/3"}],"replies":[{"embeddable":true,"href":"https:\/\/www.diarioimagen.net\/index.php?rest_route=%2Fwp%2Fv2%2Fcomments&post=369243"}],"version-history":[{"count":0,"href":"https:\/\/www.diarioimagen.net\/index.php?rest_route=\/wp\/v2\/posts\/369243\/revisions"}],"wp:featuredmedia":[{"embeddable":true,"href":"https:\/\/www.diarioimagen.net\/index.php?rest_route=\/wp\/v2\/media\/369331"}],"wp:attachment":[{"href":"https:\/\/www.diarioimagen.net\/index.php?rest_route=%2Fwp%2Fv2%2Fmedia&parent=369243"}],"wp:term":[{"taxonomy":"category","embeddable":true,"href":"https:\/\/www.diarioimagen.net\/index.php?rest_route=%2Fwp%2Fv2%2Fcategories&post=369243"},{"taxonomy":"post_tag","embeddable":true,"href":"https:\/\/www.diarioimagen.net\/index.php?rest_route=%2Fwp%2Fv2%2Ftags&post=369243"}],"curies":[{"name":"wp","href":"https:\/\/api.w.org\/{rel}","templated":true}]}}