{"id":369248,"date":"2018-03-22T00:11:03","date_gmt":"2018-03-22T06:11:03","guid":{"rendered":"http:\/\/www.diarioimagen.net\/?p=369248"},"modified":"2018-03-22T05:19:03","modified_gmt":"2018-03-22T11:19:03","slug":"impulsan-economias-regionales-para-mas-empleos","status":"publish","type":"post","link":"https:\/\/www.diarioimagen.net\/?p=369248","title":{"rendered":"Impulsan econom\u00edas regionales para m\u00e1s empleos"},"content":{"rendered":"<h2>Arco Norte<\/h2>\n<h5>Jos\u00e9 Luis Monta\u00f1ez Aguilar<\/h5>\n<p>&nbsp;<\/p>\n<p>Para alcanzar la meta impuesta por el gobierno estatal, de crear un mill\u00f3n de empleos durante los pr\u00f3ximos seis a\u00f1os, el secretario del Trabajo, Ignacio Rub\u00ed Salazar, destac\u00f3 que es necesario impulsar las vocaciones econ\u00f3micas regionales del Estado de M\u00e9xico, as\u00ed como renovar los sectores industriales y estimular la investigaci\u00f3n, el desarrollo y la innovaci\u00f3n.<\/p>\n<p>Al inaugurar la Feria de Nacional de Empleo Toluca 2018, el funcionario estatal se\u00f1al\u00f3 que se est\u00e1n dando pruebas fehacientes de que la labor que realiza el gobierno estatal, est\u00e1 permitiendo cumplir el compromiso del gobernador Alfredo Del Mazo Maza, de emplear a un mill\u00f3n de personas.<\/p>\n<p>Durante el evento, en el que se ofertaron casi 900 vacantes para buscadores de empleo, Rub\u00ed Salazar hizo un reconocimiento a las 110 empresas que participaron en esta feria y las que lo han hecho durante los seis meses que van de la administraci\u00f3n estatal porque buscan atender una necesidad particular, pero tambi\u00e9n contribuir a generar oportunidades de desarrollo para los ciudadanos..<\/p>\n<p style=\"text-align: center;\"><strong>Entregan GEM y gobierno federal apoyos para artesanos mexiquenses<\/strong><\/p>\n<p><a href=\"http:\/\/www.diarioimagen.net\/?attachment_id=369334\" rel=\"attachment wp-att-369334\"><img loading=\"lazy\" decoding=\"async\" class=\"aligncenter size-large wp-image-369334\" src=\"http:\/\/www.diarioimagen.net\/wp-content\/uploads\/2018\/03\/arco-3332-460x259.jpg\" alt=\"\" width=\"460\" height=\"259\" srcset=\"https:\/\/www.diarioimagen.net\/wp-content\/uploads\/2018\/03\/arco-3332-460x259.jpg 460w, https:\/\/www.diarioimagen.net\/wp-content\/uploads\/2018\/03\/arco-3332-240x135.jpg 240w, https:\/\/www.diarioimagen.net\/wp-content\/uploads\/2018\/03\/arco-3332-235x132.jpg 235w, https:\/\/www.diarioimagen.net\/wp-content\/uploads\/2018\/03\/arco-3332-202x114.jpg 202w, https:\/\/www.diarioimagen.net\/wp-content\/uploads\/2018\/03\/arco-3332-350x196.jpg 350w, https:\/\/www.diarioimagen.net\/wp-content\/uploads\/2018\/03\/arco-3332-220x123.jpg 220w, https:\/\/www.diarioimagen.net\/wp-content\/uploads\/2018\/03\/arco-3332-237x132.jpg 237w, https:\/\/www.diarioimagen.net\/wp-content\/uploads\/2018\/03\/arco-3332.jpg 480w\" sizes=\"auto, (max-width: 460px) 100vw, 460px\" \/><\/a><\/p>\n<p>Con motivo del D\u00eda Internacional del Artesano, la Secretar\u00eda de Turismo realiz\u00f3 el Primer Concurso de Arte Popular Estado de M\u00e9xico 2018, certamen en el que participaron 276 artesanos de 37 municipios, quienes inscribieron sus piezas en nueve ramas artesanales y 18 categor\u00edas.<\/p>\n<p>El concurso se realiz\u00f3 a trav\u00e9s del Instituto de Investigaci\u00f3n y Fomento de las Artesan\u00edas del Estado de M\u00e9xico (IIFAEM), los ganadores recibieron apoyos econ\u00f3micos y en especie, adem\u00e1s de contribuir a mejorar su salud visual.<\/p>\n<p>La secretaria de Turismo, Mar\u00eda Lorena Mar\u00edn Moreno, precis\u00f3 que de los 276 participantes, 36 resultaron ganadores al obtener los primeros y segundos lugares de cada una de las categor\u00edas y detall\u00f3 que para la entrega de los premios, se cont\u00f3 con una bolsa de 150 mil pesos aportada por el IIFAEM.<\/p>\n<p>Explic\u00f3 que para impulsar la producci\u00f3n artesanal, que ha sido una de las prioridades del gobernador, para tener familias fuertes, se otorgaron apoyos econ\u00f3micos por un mill\u00f3n 14 mil pesos.<\/p>\n<p><em><a href=\"mailto:montanezaguilar@gmail.com\" target=\"_blank\" rel=\"noopener noreferrer\">montanezaguilar@gmail.com<\/a><\/em><\/p>\n","protected":false},"excerpt":{"rendered":"<p><span style=\"color: #005497;\">Jos\u00e9 Luis Monta\u00f1ez Aguilar<\/span><br \/>\n<br \/>\nPara alcanzar la meta impuesta por el gobierno estatal, de crear un mill\u00f3n de empleos durante los pr\u00f3ximos seis a\u00f1os, el secretario del Trabajo, Ignacio Rub\u00ed Salazar, destac\u00f3 que es necesario impulsar las vocaciones econ\u00f3micas regionales del Estado de M\u00e9xico, as\u00ed como renovar los sectores industriales y estimular la investigaci\u00f3n, el desarrollo y la innovaci\u00f3n.<\/p>\n","protected":false},"author":3,"featured_media":369334,"comment_status":"open","ping_status":"open","sticky":false,"template":"","format":"standard","meta":{"_monsterinsights_skip_tracking":false,"_monsterinsights_sitenote_active":false,"_monsterinsights_sitenote_note":"","_monsterinsights_sitenote_category":0,"footnotes":""},"categories":[5],"tags":[13284,43704,43674],"class_list":["post-369248","post","type-post","status-publish","format-standard","has-post-thumbnail","hentry","category-estado-de-mexico","tag-arco-norte","tag-jose-luis-montanez-aguilar","tag-opinion"],"_links":{"self":[{"href":"https:\/\/www.diarioimagen.net\/index.php?rest_route=\/wp\/v2\/posts\/369248","targetHints":{"allow":["GET"]}}],"collection":[{"href":"https:\/\/www.diarioimagen.net\/index.php?rest_route=\/wp\/v2\/posts"}],"about":[{"href":"https:\/\/www.diarioimagen.net\/index.php?rest_route=\/wp\/v2\/types\/post"}],"author":[{"embeddable":true,"href":"https:\/\/www.diarioimagen.net\/index.php?rest_route=\/wp\/v2\/users\/3"}],"replies":[{"embeddable":true,"href":"https:\/\/www.diarioimagen.net\/index.php?rest_route=%2Fwp%2Fv2%2Fcomments&post=369248"}],"version-history":[{"count":0,"href":"https:\/\/www.diarioimagen.net\/index.php?rest_route=\/wp\/v2\/posts\/369248\/revisions"}],"wp:featuredmedia":[{"embeddable":true,"href":"https:\/\/www.diarioimagen.net\/index.php?rest_route=\/wp\/v2\/media\/369334"}],"wp:attachment":[{"href":"https:\/\/www.diarioimagen.net\/index.php?rest_route=%2Fwp%2Fv2%2Fmedia&parent=369248"}],"wp:term":[{"taxonomy":"category","embeddable":true,"href":"https:\/\/www.diarioimagen.net\/index.php?rest_route=%2Fwp%2Fv2%2Fcategories&post=369248"},{"taxonomy":"post_tag","embeddable":true,"href":"https:\/\/www.diarioimagen.net\/index.php?rest_route=%2Fwp%2Fv2%2Ftags&post=369248"}],"curies":[{"name":"wp","href":"https:\/\/api.w.org\/{rel}","templated":true}]}}