{"id":369250,"date":"2018-03-22T00:09:37","date_gmt":"2018-03-22T06:09:37","guid":{"rendered":"http:\/\/www.diarioimagen.net\/?p=369250"},"modified":"2018-03-23T00:00:50","modified_gmt":"2018-03-23T06:00:50","slug":"destaca-mag-perez-juarez-compromiso-permanente-contra-corrupcion-e-impunidad","status":"publish","type":"post","link":"https:\/\/www.diarioimagen.net\/?p=369250","title":{"rendered":"Destaca Mag. P\u00e9rez Ju\u00e1rez compromiso permanente contra corrupci\u00f3n e impunidad"},"content":{"rendered":"<ul>\n<li><em><strong>Del Poder Judicial capitalino<\/strong><\/em><\/li>\n<li><em><strong>El presidente del Tribunal Superior de Justicia de la Ciudad de M\u00e9xico as\u00ed lo subray\u00f3 en el marco del Programa para la Debida Implementaci\u00f3n del Nuevo R\u00e9gimen de Responsabilidad Administrativa y Penal<\/strong><\/em><\/li>\n<li><em><strong>Plante\u00f3 la necesidad de emprender acciones para prevenir y sancionar eficazmente actos de corrupci\u00f3n que lastiman a personas e instituciones<\/strong><\/em><\/li>\n<\/ul>\n<h6>Jos\u00e9 Luis Monta\u00f1ez<\/h6>\n<p>&nbsp;<\/p>\n<div id=\"attachment_369339\" style=\"width: 470px\" class=\"wp-caption aligncenter\"><a href=\"http:\/\/www.diarioimagen.net\/?attachment_id=369339\" rel=\"attachment wp-att-369339\"><img loading=\"lazy\" decoding=\"async\" aria-describedby=\"caption-attachment-369339\" class=\"size-large wp-image-369339\" src=\"http:\/\/www.diarioimagen.net\/wp-content\/uploads\/2018\/03\/tribunal-3332-460x390.jpg\" alt=\"\" width=\"460\" height=\"390\" srcset=\"https:\/\/www.diarioimagen.net\/wp-content\/uploads\/2018\/03\/tribunal-3332-460x390.jpg 460w, https:\/\/www.diarioimagen.net\/wp-content\/uploads\/2018\/03\/tribunal-3332-240x204.jpg 240w, https:\/\/www.diarioimagen.net\/wp-content\/uploads\/2018\/03\/tribunal-3332.jpg 700w\" sizes=\"auto, (max-width: 460px) 100vw, 460px\" \/><\/a><p id=\"caption-attachment-369339\" class=\"wp-caption-text\">El magistrado presidente \u00c1lvaro Augusto P\u00e9rez Ju\u00e1rez pronunci\u00f3 un discurso en el marco del <em>Programa para la Debida Implementaci\u00f3n del Nuevo R\u00e9gimen de Responsabilidad Administrativa y Penal.<\/em><\/p><\/div>\n<p>&nbsp;<\/p>\n<p>Al advertir que la corrupci\u00f3n debilita la credibilidad de las instituciones y el estado de Derecho, el presidente del Tribunal Superior de Justicia de la Ciudad de M\u00e9xico, magistrado \u00c1lvaro Augusto P\u00e9rez Ju\u00e1rez, enfatiz\u00f3 que el Poder Judicial capitalino tiene un compromiso permanente contra este fen\u00f3meno trasnacional y la impunidad.<\/p>\n<p>Al pronunciar un discurso en el marco del <em>Programa para la Debida Implementaci\u00f3n del Nuevo R\u00e9gimen de Responsabilidad Administrativa y Penal<\/em>, plante\u00f3 la necesidad de emprender acciones para prevenir y sancionar eficazmente actos de corrupci\u00f3n que lastiman a personas e instituciones.<\/p>\n<p>En el Antiguo Palacio del Ayuntamiento, consider\u00f3 que el combate a la corrupci\u00f3n debe fortalecer las medidas de prevenci\u00f3n y sanci\u00f3n efectivas, as\u00ed como promover la integridad, la obligaci\u00f3n de rendir cuentas y la debida gesti\u00f3n de los asuntos y bienes p\u00fablicos.<\/p>\n<p>Con la presencia del secretario de Gobierno de la administraci\u00f3n capitalina, Jos\u00e9 Ram\u00f3n Amieva G\u00e1lvez, el magistrado record\u00f3 que, sin lugar a dudas, uno de los pilares republicanos m\u00e1s importantes es la de evitar y sancionar los actos de corrupci\u00f3n.<\/p>\n<p>Por ello, abund\u00f3, \u201creconocemos y celebramos la consolidaci\u00f3n de un nuevo r\u00e9gimen de responsabilidad administrativa y penal\u201d.<\/p>\n<p>Destac\u00f3 que, en el marco de los trabajos legislativos relativos a la reforma en materia de combate a la corrupci\u00f3n, se incorporaron propuestas de la sociedad civil y la academia, tendentes a fortalecer los mecanismos para prevenirla, identificarla y sancionarla mediante el Sistema Nacional Anticorrupci\u00f3n.<\/p>\n<p>A\u00f1adi\u00f3 que el Poder Judicial capitalino se suma a los trabajos para lograr una capacitaci\u00f3n en materia de combate a la corrupci\u00f3n que permita homologar criterios y esfuerzos que robustezcan la responsabilidad democr\u00e1tica, lo que implica lograr el objetivo fundamental de dar transparencia total a los actos p\u00fablicos que den certeza y confianza a la ciudadan\u00eda.<\/p>\n<p>El magistrado destac\u00f3 el trabajo legislativo generado en la Ciudad de M\u00e9xico para fortalecer los mecanismos de prevenci\u00f3n y los instrumentos de rendici\u00f3n de cuentas, tales como el sistema de evoluci\u00f3n patrimonial, la declaraci\u00f3n de intereses, la constancia de presentaci\u00f3n de declaraci\u00f3n fiscal, la plataforma digital para las personas servidoras p\u00fablicas que intervengan en procedimientos de contrataciones p\u00fablicas, entre otros.<\/p>\n<p>Subray\u00f3 que el Poder Judicial capitalino es un inquebrantable aliado comprometido con la ciudadan\u00eda, con el estado de Derecho y con el nuevo r\u00e9gimen de responsabilidad administrativa y penal de las personas servidoras p\u00fablicas y particulares vinculados.<\/p>\n<p>En representaci\u00f3n del jefe de gobierno, Miguel \u00c1ngel Mancera Espinosa, el secretario de Gobierno, Jos\u00e9 Ram\u00f3n Amieva G\u00e1lvez, destac\u00f3: \u201cLos valores y la vocaci\u00f3n quedan como un ejercicio p\u00fablico, pero sobre todo, como una interiorizaci\u00f3n de lo que queremos y aceptamos cuando nos dedicamos a esta noble actividad, que es el trabajar para la ciudadan\u00eda a trav\u00e9s de un gobierno\u201d.<\/p>\n<p>En su oportunidad, la presidenta del Tribunal de Justicia Administrativa de la Ciudad de M\u00e9xico, Yasm\u00edn Esquivel Mossa, advirti\u00f3 que la corrupci\u00f3n ha carcomido las instituciones de la Rep\u00fablica, y abund\u00f3 que no hay algo m\u00e1s lamentable que la p\u00e9rdida de legitimidad de \u00e9stas.<\/p>\n<p>A su vez, el titular de la Auditor\u00eda Superior de la Ciudad de M\u00e9xico, David Vega Vera, se pronunci\u00f3 por combatir y sancionar la corrupci\u00f3n, pero tambi\u00e9n por prevenirla, y consider\u00f3 que esto empieza por la capacitaci\u00f3n.<\/p>\n<p>En tanto, el contralor general de la Ciudad de M\u00e9xico, Eduardo Rovelo Pico, se refiri\u00f3 a la necesidad de redoblar esfuerzos para que las instituciones involucradas en el tema logren que se recupere la confianza de la sociedad en las instituciones.<\/p>\n<p>Por su parte, el procurador general de Justicia, Edmundo Garrido Osorio, inform\u00f3 que la dependencia a su cargo contar\u00e1 con una nueva fiscal\u00eda dedicada espec\u00edficamente a investigar actos de corrupci\u00f3n cometidos por servidores p\u00fablicos y por particulares.<\/p>\n<p>En el acto tambi\u00e9n particip\u00f3 el coordinador del Comit\u00e9 Anticorrupci\u00f3n de la Barra Mexicana del Colegio de Abogados, Sergio Huacuja Betancourt, quien imparti\u00f3 la primera de las conferencias en el marco de los trabajos del <em>Programa para la Debida Implementaci\u00f3n del Nuevo R\u00e9gimen de Responsabilidad Administrativa y Penal.<\/em><\/p>\n<div id=\"attachment_369337\" style=\"width: 470px\" class=\"wp-caption aligncenter\"><a href=\"http:\/\/www.diarioimagen.net\/?attachment_id=369337\" rel=\"attachment wp-att-369337\"><img loading=\"lazy\" decoding=\"async\" aria-describedby=\"caption-attachment-369337\" class=\"size-large wp-image-369337\" src=\"http:\/\/www.diarioimagen.net\/wp-content\/uploads\/2018\/03\/tribunal-1-3332-460x237.jpg\" alt=\"\" width=\"460\" height=\"237\" srcset=\"https:\/\/www.diarioimagen.net\/wp-content\/uploads\/2018\/03\/tribunal-1-3332-460x237.jpg 460w, https:\/\/www.diarioimagen.net\/wp-content\/uploads\/2018\/03\/tribunal-1-3332-240x124.jpg 240w, https:\/\/www.diarioimagen.net\/wp-content\/uploads\/2018\/03\/tribunal-1-3332.jpg 700w\" sizes=\"auto, (max-width: 460px) 100vw, 460px\" \/><\/a><p id=\"caption-attachment-369337\" class=\"wp-caption-text\">El presidente del TSJCDMX, \u00c1lvaro Augusto P\u00e9rez Ju\u00e1rez, destac\u00f3 el trabajo legislativo generado en la Ciudad de M\u00e9xico para fortalecer los mecanismos de prevenci\u00f3n y los instrumentos de rendici\u00f3n de cuentas.<\/p><\/div>\n","protected":false},"excerpt":{"rendered":"<p><span style=\"color: #005497;\">Jos\u00e9 Luis Monta\u00f1ez<\/span><br \/>\n<br \/>\nAl advertir que la corrupci\u00f3n debilita la credibilidad de las instituciones y el estado de Derecho, el presidente del Tribunal Superior de Justicia de la Ciudad de M\u00e9xico, magistrado \u00c1lvaro Augusto P\u00e9rez Ju\u00e1rez, enfatiz\u00f3 que el Poder Judicial capitalino tiene un compromiso permanente contra este fen\u00f3meno trasnacional y la impunidad.<\/p>\n","protected":false},"author":3,"featured_media":369338,"comment_status":"open","ping_status":"open","sticky":false,"template":"","format":"standard","meta":{"_monsterinsights_skip_tracking":false,"_monsterinsights_sitenote_active":false,"_monsterinsights_sitenote_note":"","_monsterinsights_sitenote_category":0,"footnotes":""},"categories":[6],"tags":[59477,204,49194,51325],"class_list":["post-369250","post","type-post","status-publish","format-standard","has-post-thumbnail","hentry","category-cd-de-mexico","tag-alvaro-augusto-perez-juarez","tag-ciudad-de-mexico","tag-tribunal-superior-de-justicia-de-la-ciudad-de-mexico","tag-tsjcdmx"],"_links":{"self":[{"href":"https:\/\/www.diarioimagen.net\/index.php?rest_route=\/wp\/v2\/posts\/369250","targetHints":{"allow":["GET"]}}],"collection":[{"href":"https:\/\/www.diarioimagen.net\/index.php?rest_route=\/wp\/v2\/posts"}],"about":[{"href":"https:\/\/www.diarioimagen.net\/index.php?rest_route=\/wp\/v2\/types\/post"}],"author":[{"embeddable":true,"href":"https:\/\/www.diarioimagen.net\/index.php?rest_route=\/wp\/v2\/users\/3"}],"replies":[{"embeddable":true,"href":"https:\/\/www.diarioimagen.net\/index.php?rest_route=%2Fwp%2Fv2%2Fcomments&post=369250"}],"version-history":[{"count":0,"href":"https:\/\/www.diarioimagen.net\/index.php?rest_route=\/wp\/v2\/posts\/369250\/revisions"}],"wp:featuredmedia":[{"embeddable":true,"href":"https:\/\/www.diarioimagen.net\/index.php?rest_route=\/wp\/v2\/media\/369338"}],"wp:attachment":[{"href":"https:\/\/www.diarioimagen.net\/index.php?rest_route=%2Fwp%2Fv2%2Fmedia&parent=369250"}],"wp:term":[{"taxonomy":"category","embeddable":true,"href":"https:\/\/www.diarioimagen.net\/index.php?rest_route=%2Fwp%2Fv2%2Fcategories&post=369250"},{"taxonomy":"post_tag","embeddable":true,"href":"https:\/\/www.diarioimagen.net\/index.php?rest_route=%2Fwp%2Fv2%2Ftags&post=369250"}],"curies":[{"name":"wp","href":"https:\/\/api.w.org\/{rel}","templated":true}]}}