{"id":369275,"date":"2018-03-22T00:09:07","date_gmt":"2018-03-22T06:09:07","guid":{"rendered":"http:\/\/www.diarioimagen.net\/?p=369275"},"modified":"2018-03-22T06:28:11","modified_gmt":"2018-03-22T12:28:11","slug":"colaborara-uaem-con-laboratorio-de-informatica-robotica-y-microelectronica","status":"publish","type":"post","link":"https:\/\/www.diarioimagen.net\/?p=369275","title":{"rendered":"Colaborar\u00e1 UAEM con Laboratorio de Inform\u00e1tica, Rob\u00f3tica y Microelectr\u00f3nica"},"content":{"rendered":"<ul>\n<li><strong><em>De Montpellier, Francia<\/em><\/strong><\/li>\n<\/ul>\n<p>&nbsp;<\/p>\n<div id=\"attachment_369347\" style=\"width: 470px\" class=\"wp-caption aligncenter\"><a href=\"http:\/\/www.diarioimagen.net\/?attachment_id=369347\" rel=\"attachment wp-att-369347\"><img loading=\"lazy\" decoding=\"async\" aria-describedby=\"caption-attachment-369347\" class=\"size-large wp-image-369347\" src=\"http:\/\/www.diarioimagen.net\/wp-content\/uploads\/2018\/03\/UAEM-3332-460x259.jpg\" alt=\"\" width=\"460\" height=\"259\" srcset=\"https:\/\/www.diarioimagen.net\/wp-content\/uploads\/2018\/03\/UAEM-3332-460x259.jpg 460w, https:\/\/www.diarioimagen.net\/wp-content\/uploads\/2018\/03\/UAEM-3332-240x135.jpg 240w, https:\/\/www.diarioimagen.net\/wp-content\/uploads\/2018\/03\/UAEM-3332-235x132.jpg 235w, https:\/\/www.diarioimagen.net\/wp-content\/uploads\/2018\/03\/UAEM-3332-202x114.jpg 202w, https:\/\/www.diarioimagen.net\/wp-content\/uploads\/2018\/03\/UAEM-3332-350x196.jpg 350w, https:\/\/www.diarioimagen.net\/wp-content\/uploads\/2018\/03\/UAEM-3332-220x123.jpg 220w, https:\/\/www.diarioimagen.net\/wp-content\/uploads\/2018\/03\/UAEM-3332-237x132.jpg 237w, https:\/\/www.diarioimagen.net\/wp-content\/uploads\/2018\/03\/UAEM-3332.jpg 480w\" sizes=\"auto, (max-width: 460px) 100vw, 460px\" \/><\/a><p id=\"caption-attachment-369347\" class=\"wp-caption-text\">El rector, Alfredo Barrera Baca, sostuvo una reuni\u00f3n de trabajo con el director Laboratorio de Inform\u00e1tica, Rob\u00f3tica y Microelectr\u00f3nica de Montpellier, Philippe Poignet.<\/p><\/div>\n<p>&nbsp;<\/p>\n<p><strong>Montpellier, Francia<\/strong>.- El rector de la Universidad Aut\u00f3noma del Estado de M\u00e9xico, Alfredo Barrera Baca, sostuvo una reuni\u00f3n de trabajo con el director del Laboratorio de Inform\u00e1tica, Rob\u00f3tica y Microelectr\u00f3nica de Montpellier, Francia, Philippe Poignet, con quien tuvo la posibilidad de establecer algunas l\u00edneas de acci\u00f3n para que ambas instituciones colaboren en el campo de la investigaci\u00f3n.<\/p>\n<p>En las instalaciones del laboratorio, dependiente de la Universidad de Montpellier y el Centro Nacional de Investigaci\u00f3n Cient\u00edfica del pa\u00eds galo, hablaron sobre la posibilidad de desarrollar trabajo de investigaci\u00f3n conjunto en las \u00e1reas de dise\u00f1o y verificaci\u00f3n de sistemas integrados, m\u00f3viles y de comunicaci\u00f3n, el modelado de sistemas complejos basados en agentes, estudios en algor\u00edtmica, bioinform\u00e1tica, rob\u00f3tica e interacciones humanos-m\u00e1quinas.<\/p>\n<p>Philippe Poignet expres\u00f3 la disposici\u00f3n del laboratorio para recibir estudiantes e investigadores de la Aut\u00f3noma mexiquense altamente capacitados para participar en proyectos de investigaci\u00f3n, as\u00ed como ofrecer un posgrado con doble diploma.<\/p>\n<p>El rector Barrera Baca calific\u00f3 esta reuni\u00f3n como pr\u00f3spera y comprometida y manifest\u00f3 el inter\u00e9s de la m\u00e1xima casa de estudios mexiquense para desarrollar trabajo en el \u00e1mbito de la rob\u00f3tica y la tensegridad. Tambi\u00e9n se habl\u00f3 de la posibilidad de que el laboratorio recibiera alumnos de la Maestr\u00eda en Ciencias de la Ingenier\u00eda de la UAEM para realizar estancias acad\u00e9micas de seis a 12 meses.<\/p>\n<p>Posteriormente, acompa\u00f1ado del vicepresidente de Asuntos Internacionales, Fran\u00e7ois Henn, Alfredo Barrera Baca realiz\u00f3 un recorrido por las instalaciones del Laboratorio de Inform\u00e1tica, Rob\u00f3tica y Microelectr\u00f3nica de Montpellier.<\/p>\n","protected":false},"excerpt":{"rendered":"<p>El rector de la Universidad Aut\u00f3noma del Estado de M\u00e9xico, Alfredo Barrera Baca, sostuvo una reuni\u00f3n de trabajo con el director del Laboratorio de Inform\u00e1tica, Rob\u00f3tica y Microelectr\u00f3nica de Montpellier, Francia, Philippe Poignet, con quien tuvo la posibilidad de establecer algunas l\u00edneas de acci\u00f3n para que ambas instituciones colaboren en el campo de la investigaci\u00f3n.<\/p>\n","protected":false},"author":3,"featured_media":369347,"comment_status":"open","ping_status":"open","sticky":false,"template":"","format":"standard","meta":{"_monsterinsights_skip_tracking":false,"_monsterinsights_sitenote_active":false,"_monsterinsights_sitenote_note":"","_monsterinsights_sitenote_category":0,"footnotes":""},"categories":[35155],"tags":[58572,2115,72021,1491,1490],"class_list":["post-369275","post","type-post","status-publish","format-standard","has-post-thumbnail","hentry","category-estado-de-mexico-estado-de-mexico","tag-alfredo-barrera-baca","tag-francia","tag-montpellier","tag-uaem","tag-universidad-autonoma-del-estado-de-mexico"],"_links":{"self":[{"href":"https:\/\/www.diarioimagen.net\/index.php?rest_route=\/wp\/v2\/posts\/369275","targetHints":{"allow":["GET"]}}],"collection":[{"href":"https:\/\/www.diarioimagen.net\/index.php?rest_route=\/wp\/v2\/posts"}],"about":[{"href":"https:\/\/www.diarioimagen.net\/index.php?rest_route=\/wp\/v2\/types\/post"}],"author":[{"embeddable":true,"href":"https:\/\/www.diarioimagen.net\/index.php?rest_route=\/wp\/v2\/users\/3"}],"replies":[{"embeddable":true,"href":"https:\/\/www.diarioimagen.net\/index.php?rest_route=%2Fwp%2Fv2%2Fcomments&post=369275"}],"version-history":[{"count":0,"href":"https:\/\/www.diarioimagen.net\/index.php?rest_route=\/wp\/v2\/posts\/369275\/revisions"}],"wp:featuredmedia":[{"embeddable":true,"href":"https:\/\/www.diarioimagen.net\/index.php?rest_route=\/wp\/v2\/media\/369347"}],"wp:attachment":[{"href":"https:\/\/www.diarioimagen.net\/index.php?rest_route=%2Fwp%2Fv2%2Fmedia&parent=369275"}],"wp:term":[{"taxonomy":"category","embeddable":true,"href":"https:\/\/www.diarioimagen.net\/index.php?rest_route=%2Fwp%2Fv2%2Fcategories&post=369275"},{"taxonomy":"post_tag","embeddable":true,"href":"https:\/\/www.diarioimagen.net\/index.php?rest_route=%2Fwp%2Fv2%2Ftags&post=369275"}],"curies":[{"name":"wp","href":"https:\/\/api.w.org\/{rel}","templated":true}]}}