{"id":369277,"date":"2018-03-22T00:08:09","date_gmt":"2018-03-22T06:08:09","guid":{"rendered":"http:\/\/www.diarioimagen.net\/?p=369277"},"modified":"2018-03-22T06:39:04","modified_gmt":"2018-03-22T12:39:04","slug":"metepec-municipio-mas-transparente-del-pais-por-novena-ocasion-consecutiva","status":"publish","type":"post","link":"https:\/\/www.diarioimagen.net\/?p=369277","title":{"rendered":"Metepec, municipio m\u00e1s transparente del pa\u00eds por novena ocasi\u00f3n consecutiva"},"content":{"rendered":"<ul>\n<li><strong><em>Ha sido catalogado por el IMCO<\/em><\/strong><\/li>\n<\/ul>\n<p>&nbsp;<\/p>\n<div id=\"attachment_369350\" style=\"width: 470px\" class=\"wp-caption aligncenter\"><a href=\"http:\/\/www.diarioimagen.net\/?attachment_id=369350\" rel=\"attachment wp-att-369350\"><img loading=\"lazy\" decoding=\"async\" aria-describedby=\"caption-attachment-369350\" class=\"size-large wp-image-369350\" src=\"http:\/\/www.diarioimagen.net\/wp-content\/uploads\/2018\/03\/METEPEC-3332-460x307.jpg\" alt=\"\" width=\"460\" height=\"307\" srcset=\"https:\/\/www.diarioimagen.net\/wp-content\/uploads\/2018\/03\/METEPEC-3332-460x307.jpg 460w, https:\/\/www.diarioimagen.net\/wp-content\/uploads\/2018\/03\/METEPEC-3332-240x160.jpg 240w, https:\/\/www.diarioimagen.net\/wp-content\/uploads\/2018\/03\/METEPEC-3332.jpg 700w\" sizes=\"auto, (max-width: 460px) 100vw, 460px\" \/><\/a><p id=\"caption-attachment-369350\" class=\"wp-caption-text\">El ayuntamiento de Metepec, encabezado por David L\u00f3pez C\u00e1rdenas, fue reconocido con el primer lugar en el \u00cdndice de Informaci\u00f3n Presupuestal Municipal 2017.<\/p><\/div>\n<p>&nbsp;<\/p>\n<p><strong>Metepec, Estado de M\u00e9xico<\/strong>.- Por sus finanzas sanas, optimizaci\u00f3n de recursos y pr\u00e1cticas de transparencia, el ayuntamiento de Metepec fue reconocido con el primer lugar en el \u00cdndice de Informaci\u00f3n Presupuestal Municipal 2017, que entrega el Instituto Mexicano para la Competitividad A. C. (IMCO).<\/p>\n<p>Esta es la novena ocasi\u00f3n consecutiva que el Pueblo M\u00e1gico recibe tal distinci\u00f3n, de las cuales dos han sido durante la administraci\u00f3n del presidente David L\u00f3pez C\u00e1rdenas.<\/p>\n<p>El \u00cdndice de Informaci\u00f3n Presupuestal Municipal (IIPM) que realiza el IMCO, mide la calidad de la informaci\u00f3n presupuestal de 453 municipios con el fin de entender la forma en la que se canalizan los recursos p\u00fablicos y as\u00ed eliminar condiciones de opacidad, adem\u00e1s de verificar el cumplimiento de la contabilidad gubernamental.<\/p>\n<p>El IIPM s\u00f3lo se entrega a los ayuntamientos que cumplen con el 100 por ciento de los indicadores evaluados, con lo que al ser acreedor en m\u00faltiples ocasiones a este reconocimiento, Metepec se posiciona como el municipio m\u00e1s transparente del pa\u00eds en materia de finanzas p\u00fablicas.<\/p>\n<p>Cabe destacar que algunas de las secciones a evaluar es lo relacionado a la Ley de Ingresos de los municipios, acceso p\u00fablico a la informaci\u00f3n, deuda p\u00fablica y armonizaci\u00f3n contable, entre otras.<\/p>\n","protected":false},"excerpt":{"rendered":"<p>Por sus finanzas sanas, optimizaci\u00f3n de recursos y pr\u00e1cticas de transparencia, el ayuntamiento de Metepec fue reconocido con el primer lugar en el \u00cdndice de Informaci\u00f3n Presupuestal Municipal 2017, que entrega el Instituto Mexicano para la Competitividad A. C. (IMCO).<\/p>\n","protected":false},"author":3,"featured_media":369350,"comment_status":"open","ping_status":"open","sticky":false,"template":"","format":"standard","meta":{"_monsterinsights_skip_tracking":false,"_monsterinsights_sitenote_active":false,"_monsterinsights_sitenote_note":"","_monsterinsights_sitenote_category":0,"footnotes":""},"categories":[35155],"tags":[70653,43675,68413,876],"class_list":["post-369277","post","type-post","status-publish","format-standard","has-post-thumbnail","hentry","category-estado-de-mexico-estado-de-mexico","tag-consecutiva","tag-estado-de-mexico","tag-instituto-mexicano-para-la-competitividad","tag-metepec"],"_links":{"self":[{"href":"https:\/\/www.diarioimagen.net\/index.php?rest_route=\/wp\/v2\/posts\/369277","targetHints":{"allow":["GET"]}}],"collection":[{"href":"https:\/\/www.diarioimagen.net\/index.php?rest_route=\/wp\/v2\/posts"}],"about":[{"href":"https:\/\/www.diarioimagen.net\/index.php?rest_route=\/wp\/v2\/types\/post"}],"author":[{"embeddable":true,"href":"https:\/\/www.diarioimagen.net\/index.php?rest_route=\/wp\/v2\/users\/3"}],"replies":[{"embeddable":true,"href":"https:\/\/www.diarioimagen.net\/index.php?rest_route=%2Fwp%2Fv2%2Fcomments&post=369277"}],"version-history":[{"count":0,"href":"https:\/\/www.diarioimagen.net\/index.php?rest_route=\/wp\/v2\/posts\/369277\/revisions"}],"wp:featuredmedia":[{"embeddable":true,"href":"https:\/\/www.diarioimagen.net\/index.php?rest_route=\/wp\/v2\/media\/369350"}],"wp:attachment":[{"href":"https:\/\/www.diarioimagen.net\/index.php?rest_route=%2Fwp%2Fv2%2Fmedia&parent=369277"}],"wp:term":[{"taxonomy":"category","embeddable":true,"href":"https:\/\/www.diarioimagen.net\/index.php?rest_route=%2Fwp%2Fv2%2Fcategories&post=369277"},{"taxonomy":"post_tag","embeddable":true,"href":"https:\/\/www.diarioimagen.net\/index.php?rest_route=%2Fwp%2Fv2%2Ftags&post=369277"}],"curies":[{"name":"wp","href":"https:\/\/api.w.org\/{rel}","templated":true}]}}