{"id":369281,"date":"2018-03-22T00:07:24","date_gmt":"2018-03-22T06:07:24","guid":{"rendered":"http:\/\/www.diarioimagen.net\/?p=369281"},"modified":"2018-03-22T06:40:50","modified_gmt":"2018-03-22T12:40:50","slug":"me-siento-orgulloso-del-legado-de-luis-donaldo-colosio-gustavo-parra","status":"publish","type":"post","link":"https:\/\/www.diarioimagen.net\/?p=369281","title":{"rendered":"Me siento orgulloso del legado de Luis Donaldo Colosio: Gustavo Parra"},"content":{"rendered":"<ul>\n<li><strong><em>En el 24 aniversario de su fallecimiento<\/em><\/strong><\/li>\n<\/ul>\n<p>&nbsp;<\/p>\n<div id=\"attachment_369353\" style=\"width: 470px\" class=\"wp-caption aligncenter\"><a href=\"http:\/\/www.diarioimagen.net\/?attachment_id=369353\" rel=\"attachment wp-att-369353\"><img loading=\"lazy\" decoding=\"async\" aria-describedby=\"caption-attachment-369353\" class=\"size-large wp-image-369353\" src=\"http:\/\/www.diarioimagen.net\/wp-content\/uploads\/2018\/03\/NAUCALPAN-parra-3332-460x259.jpg\" alt=\"\" width=\"460\" height=\"259\" srcset=\"https:\/\/www.diarioimagen.net\/wp-content\/uploads\/2018\/03\/NAUCALPAN-parra-3332-460x259.jpg 460w, https:\/\/www.diarioimagen.net\/wp-content\/uploads\/2018\/03\/NAUCALPAN-parra-3332-240x135.jpg 240w, https:\/\/www.diarioimagen.net\/wp-content\/uploads\/2018\/03\/NAUCALPAN-parra-3332-235x132.jpg 235w, https:\/\/www.diarioimagen.net\/wp-content\/uploads\/2018\/03\/NAUCALPAN-parra-3332-202x114.jpg 202w, https:\/\/www.diarioimagen.net\/wp-content\/uploads\/2018\/03\/NAUCALPAN-parra-3332-350x196.jpg 350w, https:\/\/www.diarioimagen.net\/wp-content\/uploads\/2018\/03\/NAUCALPAN-parra-3332-220x123.jpg 220w, https:\/\/www.diarioimagen.net\/wp-content\/uploads\/2018\/03\/NAUCALPAN-parra-3332-237x132.jpg 237w, https:\/\/www.diarioimagen.net\/wp-content\/uploads\/2018\/03\/NAUCALPAN-parra-3332.jpg 480w\" sizes=\"auto, (max-width: 460px) 100vw, 460px\" \/><\/a><p id=\"caption-attachment-369353\" class=\"wp-caption-text\">Gustavo Parra S\u00e1nchez, pre candidato del PRI a diputado federal, dijo sentirse profundamente orgulloso del legado que dej\u00f3 Luis Donaldo Colosio Murrieta.<\/p><\/div>\n<p>&nbsp;<\/p>\n<p><strong>Naucalpan, Estado de M\u00e9xico<\/strong>.- Luis Donaldo Colosio Murrieta vive en el coraz\u00f3n de millones de mexicanos.\u00a0M\u00e1s que recordar su ausencia, hay que\u00a0celebrar los hechos de su vida, su legado, la historia de nuestro partido es la suma de millones de historias de militantes que entregaron su convicci\u00f3n, su pasi\u00f3n y su compromiso, que construyeron piedra a piedra, ideas, valores, principios, estructura y organizaci\u00f3n del Partido Revolucionario Institucional (PRI).<\/p>\n<p>Gustavo Parra S\u00e1nchez, precandidato de ese instituto pol\u00edtico a diputado federal, dijo sentirse profundamente orgulloso del legado que dej\u00f3 Colosio Murrieta a los pri\u00edstas de este pa\u00eds.<\/p>\n<p>Agreg\u00f3, que despu\u00e9s de 24 a\u00f1os, \u201ca\u00fan indigna la manera en que fue arrebatada su presencia y es incomprensible su partida, sin embargo, m\u00e1s que recordar su ausencia, no se debe de olvidar lo mucho que ganamos con su vida, lecciones de compromisos con las ideas, lecciones de congruencia y de convicci\u00f3n, lecciones de valor e inteligencia, lecciones de entrega al pa\u00eds, amor a la familia, lecciones de responsabilidad y trabajo incansable\u201d.<\/p>\n<p>Parra S\u00e1nchez record\u00f3 que \u201cM\u00e9xico no es el mismo, Colosio es el ejemplo de que un hombre que puedo cambiar el rumbo de un pa\u00eds entero, hoy no hay mexicano que no sepa de Luis Donaldo Colosio, y cambi\u00f3 la vida de M\u00e9xico con su trabajo, con su inteligencia, con su andar diario, cada a\u00f1o su legado de ideas es m\u00e1s vigente, con una enorme claridad, Colosio ve\u00eda hacia el futuro y mandaba un mensaje de esperanza\u201d.<\/p>\n<p>Al igual que Colosio Murrieta dec\u00eda \u201cEs la hora de la naci\u00f3n, es la hora de ser fuertes, es la hora de reafirmar valores que nos unen hoy es la es la hora de que M\u00e9xico con Jos\u00e9 Antonio Meade se garantice\u00a0\u00a0la paz y la tranquilad a nuestros hijos y de nuestras familias\u201d.<\/p>\n<p>El precandidato a la diputaci\u00f3n federal, se\u00f1al\u00f3 que \u201cel pri\u00edsmo mexiquense tiene un gran compromiso para continuar con el legado de Colosio, al honrar su memoria, si se cumple cabalmente con sus ideales, que le dar\u00e1n un rumbo a M\u00e9xico\u201d.<\/p>\n<p>Finalmente, Gustavo Parra puntualiz\u00f3 que \u201cen Naucalpan, en el Estado de M\u00e9xico y en el pa\u00eds sigue vivo el recuerdo de un gran hombre que siempre luch\u00f3 porque nuestro pa\u00eds tuviera un rumbo fijo, siempre en apoyar a los mexicanos. Su legado sigue m\u00e1s vivo que nunca\u201d, concluy\u00f3.<\/p>\n","protected":false},"excerpt":{"rendered":"<p>Luis Donaldo Colosio Murrieta vive en el coraz\u00f3n de millones de mexicanos. M\u00e1s que recordar su ausencia, hay que celebrar los hechos de su vida, su legado, la historia de nuestro partido es la suma de millones de historias de militantes que entregaron su convicci\u00f3n, su pasi\u00f3n y su compromiso, que construyeron piedra a piedra, ideas, valores, principios, estructura y organizaci\u00f3n del Partido Revolucionario Institucional (PRI).<\/p>\n","protected":false},"author":3,"featured_media":369353,"comment_status":"open","ping_status":"open","sticky":false,"template":"","format":"standard","meta":{"_monsterinsights_skip_tracking":false,"_monsterinsights_sitenote_active":false,"_monsterinsights_sitenote_note":"","_monsterinsights_sitenote_category":0,"footnotes":""},"categories":[35155],"tags":[43675,53028,4263,970],"class_list":["post-369281","post","type-post","status-publish","format-standard","has-post-thumbnail","hentry","category-estado-de-mexico-estado-de-mexico","tag-estado-de-mexico","tag-gustavo-parra-sanchez","tag-luis-donaldo-colosio-murrieta","tag-naucalpan"],"_links":{"self":[{"href":"https:\/\/www.diarioimagen.net\/index.php?rest_route=\/wp\/v2\/posts\/369281","targetHints":{"allow":["GET"]}}],"collection":[{"href":"https:\/\/www.diarioimagen.net\/index.php?rest_route=\/wp\/v2\/posts"}],"about":[{"href":"https:\/\/www.diarioimagen.net\/index.php?rest_route=\/wp\/v2\/types\/post"}],"author":[{"embeddable":true,"href":"https:\/\/www.diarioimagen.net\/index.php?rest_route=\/wp\/v2\/users\/3"}],"replies":[{"embeddable":true,"href":"https:\/\/www.diarioimagen.net\/index.php?rest_route=%2Fwp%2Fv2%2Fcomments&post=369281"}],"version-history":[{"count":0,"href":"https:\/\/www.diarioimagen.net\/index.php?rest_route=\/wp\/v2\/posts\/369281\/revisions"}],"wp:featuredmedia":[{"embeddable":true,"href":"https:\/\/www.diarioimagen.net\/index.php?rest_route=\/wp\/v2\/media\/369353"}],"wp:attachment":[{"href":"https:\/\/www.diarioimagen.net\/index.php?rest_route=%2Fwp%2Fv2%2Fmedia&parent=369281"}],"wp:term":[{"taxonomy":"category","embeddable":true,"href":"https:\/\/www.diarioimagen.net\/index.php?rest_route=%2Fwp%2Fv2%2Fcategories&post=369281"},{"taxonomy":"post_tag","embeddable":true,"href":"https:\/\/www.diarioimagen.net\/index.php?rest_route=%2Fwp%2Fv2%2Ftags&post=369281"}],"curies":[{"name":"wp","href":"https:\/\/api.w.org\/{rel}","templated":true}]}}