{"id":369283,"date":"2018-03-22T00:06:05","date_gmt":"2018-03-22T06:06:05","guid":{"rendered":"http:\/\/www.diarioimagen.net\/?p=369283"},"modified":"2018-03-22T06:42:05","modified_gmt":"2018-03-22T12:42:05","slug":"reciben-el-equinoccio-de-primavera-con-ceremonia-prehispanica-en-cerro-moctezuma","status":"publish","type":"post","link":"https:\/\/www.diarioimagen.net\/?p=369283","title":{"rendered":"Reciben el equinoccio de primavera con ceremonia prehisp\u00e1nica en cerro Moctezuma"},"content":{"rendered":"<ul>\n<li><strong><em>Participan estudiantes y vecinos de Naucalpan<\/em><\/strong><\/li>\n<\/ul>\n<p>&nbsp;<\/p>\n<div id=\"attachment_369356\" style=\"width: 470px\" class=\"wp-caption aligncenter\"><a href=\"http:\/\/www.diarioimagen.net\/?attachment_id=369356\" rel=\"attachment wp-att-369356\"><img loading=\"lazy\" decoding=\"async\" aria-describedby=\"caption-attachment-369356\" class=\"size-large wp-image-369356\" src=\"http:\/\/www.diarioimagen.net\/wp-content\/uploads\/2018\/03\/NAUCALPAN-3332-460x259.jpg\" alt=\"\" width=\"460\" height=\"259\" srcset=\"https:\/\/www.diarioimagen.net\/wp-content\/uploads\/2018\/03\/NAUCALPAN-3332-460x259.jpg 460w, https:\/\/www.diarioimagen.net\/wp-content\/uploads\/2018\/03\/NAUCALPAN-3332-240x135.jpg 240w, https:\/\/www.diarioimagen.net\/wp-content\/uploads\/2018\/03\/NAUCALPAN-3332-235x132.jpg 235w, https:\/\/www.diarioimagen.net\/wp-content\/uploads\/2018\/03\/NAUCALPAN-3332-202x114.jpg 202w, https:\/\/www.diarioimagen.net\/wp-content\/uploads\/2018\/03\/NAUCALPAN-3332-350x196.jpg 350w, https:\/\/www.diarioimagen.net\/wp-content\/uploads\/2018\/03\/NAUCALPAN-3332-220x123.jpg 220w, https:\/\/www.diarioimagen.net\/wp-content\/uploads\/2018\/03\/NAUCALPAN-3332-237x132.jpg 237w, https:\/\/www.diarioimagen.net\/wp-content\/uploads\/2018\/03\/NAUCALPAN-3332.jpg 480w\" sizes=\"auto, (max-width: 460px) 100vw, 460px\" \/><\/a><p id=\"caption-attachment-369356\" class=\"wp-caption-text\">En las faldas del cerro Moctezuma, grupos de estudiantes, vecinos y los guardianes de esta zona arqueol\u00f3gica, organizaron la ceremonia\u00a0\u00a0para recibir\u00a0el equinoccio.<\/p><\/div>\n<p>&nbsp;<\/p>\n<p><strong>Naucalpan, Estado de M\u00e9xico<\/strong>.- El gobierno de Naucalpan, a trav\u00e9s del Sistema Municipal para el Desarrollo Integral de la Familia (DIF) y el Organismo de Agua Potable, Alcantarillado y Saneamiento (OAPAS), con decenas de ciudadanos recibieron el equinoccio de primavera con una ceremonia prehisp\u00e1nica en el cerro Moctezuma.<\/p>\n<p>En las faldas de este cerro, grupos de estudiantes, vecinos y los guardianes de esta zona arqueol\u00f3gica en coordinaci\u00f3n con el DIF y el OAPAS, organizaron la ceremonia\u00a0\u00a0para recibir\u00a0\u00a0el equinoccio como s\u00edmbolo de fertilidad y el inicio de la primavera, aunque el cambio de estaci\u00f3n ocurri\u00f3 el martes a las 10:30 horas.<\/p>\n<p>Desde las 9:00 horas se dieron cita los participantes para ser parte de la ceremonia prehisp\u00e1nica que les permiti\u00f3 adem\u00e1s disfrutar de la zona arqueol\u00f3gica que alberga el cerro\u00a0 Moctezuma, as\u00ed como buscar el bienestar de los participantes, a trav\u00e9s de una cultura ancestral por medio de danzas prehisp\u00e1nicas y fomentar el respeto y cuidado del medio ambiente.<\/p>\n<p>Chuen Uac Zip, representante de los Guardianes del Cerro de Moctezuma, acompa\u00f1ado de los naucalpenses que acudieron, escenificaron una danza ritual que marc\u00f3 el inicio del equinoccio,\u00a0\u00a0comparti\u00f3 una explicaci\u00f3n del porque se realiza esta ceremonia, la necesidad de preservar la naturaleza de esta regi\u00f3n y sus basamentos prehisp\u00e1nicos.<\/p>\n<p>Este Gobierno adem\u00e1s de promover acciones que fomentan la sana convivencia y participaci\u00f3n ciudadana, refuerza los operativos de seguridad en todo el territorio municipal con el Grupo de Operaciones Especiales (GOE).<\/p>\n","protected":false},"excerpt":{"rendered":"<p>El gobierno de Naucalpan, a trav\u00e9s del Sistema Municipal para el Desarrollo Integral de la Familia (DIF) y el Organismo de Agua Potable, Alcantarillado y Saneamiento (OAPAS), con decenas de ciudadanos recibieron el equinoccio de primavera con una ceremonia prehisp\u00e1nica en el cerro Moctezuma.<\/p>\n","protected":false},"author":3,"featured_media":369356,"comment_status":"open","ping_status":"open","sticky":false,"template":"","format":"standard","meta":{"_monsterinsights_skip_tracking":false,"_monsterinsights_sitenote_active":false,"_monsterinsights_sitenote_note":"","_monsterinsights_sitenote_category":0,"footnotes":""},"categories":[35155],"tags":[2954,43675,970,57244],"class_list":["post-369283","post","type-post","status-publish","format-standard","has-post-thumbnail","hentry","category-estado-de-mexico-estado-de-mexico","tag-dif","tag-estado-de-mexico","tag-naucalpan","tag-sistema-municipal-para-el-desarrollo-integral-de-la-familia"],"_links":{"self":[{"href":"https:\/\/www.diarioimagen.net\/index.php?rest_route=\/wp\/v2\/posts\/369283","targetHints":{"allow":["GET"]}}],"collection":[{"href":"https:\/\/www.diarioimagen.net\/index.php?rest_route=\/wp\/v2\/posts"}],"about":[{"href":"https:\/\/www.diarioimagen.net\/index.php?rest_route=\/wp\/v2\/types\/post"}],"author":[{"embeddable":true,"href":"https:\/\/www.diarioimagen.net\/index.php?rest_route=\/wp\/v2\/users\/3"}],"replies":[{"embeddable":true,"href":"https:\/\/www.diarioimagen.net\/index.php?rest_route=%2Fwp%2Fv2%2Fcomments&post=369283"}],"version-history":[{"count":0,"href":"https:\/\/www.diarioimagen.net\/index.php?rest_route=\/wp\/v2\/posts\/369283\/revisions"}],"wp:featuredmedia":[{"embeddable":true,"href":"https:\/\/www.diarioimagen.net\/index.php?rest_route=\/wp\/v2\/media\/369356"}],"wp:attachment":[{"href":"https:\/\/www.diarioimagen.net\/index.php?rest_route=%2Fwp%2Fv2%2Fmedia&parent=369283"}],"wp:term":[{"taxonomy":"category","embeddable":true,"href":"https:\/\/www.diarioimagen.net\/index.php?rest_route=%2Fwp%2Fv2%2Fcategories&post=369283"},{"taxonomy":"post_tag","embeddable":true,"href":"https:\/\/www.diarioimagen.net\/index.php?rest_route=%2Fwp%2Fv2%2Ftags&post=369283"}],"curies":[{"name":"wp","href":"https:\/\/api.w.org\/{rel}","templated":true}]}}