{"id":369303,"date":"2018-03-22T00:01:51","date_gmt":"2018-03-22T06:01:51","guid":{"rendered":"http:\/\/www.diarioimagen.net\/?p=369303"},"modified":"2018-03-22T02:04:45","modified_gmt":"2018-03-22T08:04:45","slug":"mantiene-q-roo-buenos-niveles-de-empleo","status":"publish","type":"post","link":"https:\/\/www.diarioimagen.net\/?p=369303","title":{"rendered":"Mantiene Q. Roo buenos niveles de empleo"},"content":{"rendered":"<h2>Derecho de r\u00e9plica<\/h2>\n<p>&nbsp;<\/p>\n<ul>\n<li><em><strong>Aumenta n\u00famero de empresas formales, respecto al a\u00f1o pasado<\/strong><\/em><\/li>\n<\/ul>\n<p>&nbsp;<\/p>\n<p>Al 28 de febrero de este a\u00f1o, Quintana Roo increment\u00f3 sus cifras en cuanto a nuevas empresas formales, registrando mil 292, equivalentes a 9% respecto al 2017, y el 90% de ellas est\u00e1n relacionadas a la industria tur\u00edstica o servicios conexos.<\/p>\n<p>De acuerdo a la afiliaci\u00f3n que registra la delegaci\u00f3n del Instituto Mexicano del Seguro Social (IMSS) hasta el d\u00eda de ayer existen 15 mil 181 patrones, un incremento de 119 (0.8%) respecto a enero de 2018 y un aumento de mil 292 patrones (9.3%) respecto a febrero de 2017.<\/p>\n<p>Los datos dan cuenta que la econom\u00eda, pese a la inseguridad y la guerra de c\u00e1rteles del narco en la zona norte, gener\u00f3 nuevas empresas formales, que adem\u00e1s pagan sueldos por encima de los 2.9 salarios m\u00ednimos, es decir, que la gente seguir\u00e1 llegando a la entidad para mejorar su perspectiva de vida.<\/p>\n<p>Quintana Roo registr\u00f3 durante los primeros tres trimestres de 2017, a trav\u00e9s del Indicador Trimestral de la Actividad Econ\u00f3mica Estatal (ITAEE) un incremento anual de 2.5%, respecto al mismo periodo de 2016.<\/p>\n<p>Referente al salario base que se ha cotizado en la entidad, es de 257.00 pesos diarios, equivalente a 2.9 veces el salario m\u00ednimo ($88.36), aunque los n\u00fameros revelan que este nivel representa una disminuci\u00f3n real de $3.4 (-1.3%) respecto a febrero de 2017, es decir, algunas empresas para sostenerse contin\u00faan pagando el mismo salario, sin tener en cuenta los incrementos en el costo de vida, producto de la inflaci\u00f3n.<\/p>\n<p>Como public\u00f3 DIARIOIMAGEN en relaci\u00f3n a Chetumal, la creaci\u00f3n de m\u00e1s fuentes de empleo se observa siempre en los registros oficiales, aunque tambi\u00e9n ha crecido el empleo informal y no resultan significativas el cierre de 17 restaurantes y 23 negocios (en su mayor\u00eda comercios) ocurridos en el primer cuadro de la ciudad.<\/p>\n<p style=\"text-align: center;\"><strong>Alcalde de Canc\u00fan podr\u00eda quedar fuera de reelecci\u00f3n\u00a0<\/strong><\/p>\n<p>En el Partido Verde en Quintana Roo, que preside Jos\u00e9 de la Pe\u00f1a Ruiz de Ch\u00e1vez, hay amenaza de que terminen del\u00a0<em>chongo<\/em>, pues hasta la fecha, Jorge Emilio Gonz\u00e1lez Mart\u00ednez \u201cEl Ni\u00f1o Verde\u201d, presidente nacional y due\u00f1o de la franquicia del PVEM, no ha dado a conocer de manera oficial qui\u00e9n ser\u00e1 el candidato de los <em>tucanes<\/em>\u00a0a la alcald\u00eda de Canc\u00fan, por lo que el runr\u00fan de que Remberto Estrada no ser\u00e1 elegido para buscar la reelecci\u00f3n, corri\u00f3 como reguero de p\u00f3lvora.<\/p>\n<p>Para colmo, fue Pepe de la Pe\u00f1a quien se apunt\u00f3 en primera fila para ser el candidato a alcalde de Benito Ju\u00e1rez, al ver que a\u00fan no hay nada para nadie, y en el c\u00edrculo cercano de Remberto Estrada (que ven la posibilidad de quedarse sin <em>huesito<\/em> para roer) andan encanijados y acusan de agandalle a su dirigente estatal.<\/p>\n<p>Que, si hasta el momento \u201cEl Ni\u00f1o Verde\u201d no ha soltado el nombre de su candidato a alcalde de Canc\u00fan, la culpa es del PRD\u2026si, si, pues como no\u2026 pues los del sol azteca a\u00fan no sueltan el nombre de qui\u00e9n ser\u00e1 su abanderado.<\/p>\n<p>No es por amarrar navajas, pero dicen, los que rodean a Remberto Estrada -a quienes por cierto ya les entr\u00f3 la paranoia- que, para Pepe de la Pe\u00f1a ser mun\u00edcipe es una obsesi\u00f3n que no se le har\u00e1 realidad, que siga so\u00f1ando\u2026uyyyy, hay tiro se\u00f1ores, hay tiro.<\/p>\n<p>Se sabe que el Partido de la Revoluci\u00f3n Democr\u00e1tica tiene listo a Jos\u00e9 Luis \u201cChanito\u201d Toledo Medina, quien ser\u00e1 el postulado en su alianza con el PAN y el MC, por lo que se podr\u00eda pensar que el atraso en el nombramiento de Remberto como abanderado del PVEM, de nueva cuenta a la silla de Canc\u00fan, no tiene relaci\u00f3n con la lentitud del PRD en soltar el nombre de su\u00a0<em>gallo<\/em>, sino m\u00e1s bien, es una ayuda para <em>Rembi<\/em>, pues as\u00ed, los ciudadanos tendr\u00e1n menos tiempo para reclamarle asuntos, como la de la inseguridad y el repunte de ejecuciones, que se han salido de control en su gobierno y de los cuales los cancunenses responsabilizan al edil.<\/p>\n<p style=\"text-align: center;\"><strong>Quintana Roo\u00a0perder\u00e1 tres diputados federales<\/strong><\/p>\n<p>De seguir la tendencia de los partidos pol\u00edticos, de hacer a un lado en las listas de diputaciones plurinominales por la tercera circunscripci\u00f3n a representantes de Quintana Roo, coloc\u00e1ndolos en espacios lejanos de los 40 disponibles, independientemente de qui\u00e9nes obtengan el triunfo mediante el voto, la entidad corre el riesgo de perder tres representantes en la C\u00e1mara de Diputados, tras las elecciones del pr\u00f3ximo 1 de julio.\u00a0 Actualmente, la entidad tiene a siete representantes en la C\u00e1mara de Diputados: Jos\u00e9 Luis Toledo Medina, Arlet M\u00f3lgora Glover, Mario Machuca, Paloma Canales, Ivanova Pool, Carlos Guti\u00e9rrez Garc\u00eda, Patricia S\u00e1nchez Carrillo y Sara Lattife. Todos los partidos pol\u00edticos, excepto el PAN, con Eduardo Mart\u00ednez Arcila y el PES con Gregorio S\u00e1nchez Mart\u00ednez, tienen posibilidades reales de ser diputados federales, por lo que se perder\u00edan tres curules.<\/p>\n<p style=\"text-align: center;\"><strong>Cozumel exportar\u00e1 directamente langosta a Hong Kong y a Canad\u00e1<\/strong><\/p>\n<p>El presidente de la Cooperativa Pesquera Cozumel, Jos\u00e9 Canto Noh, dio a conocer que en julio iniciar\u00e1 la exportaci\u00f3n de langosta a Hong Kong y Canad\u00e1, donde se han contactado con empresarios interesados en pagar a 500 d\u00f3lares el kilo.<\/p>\n<p>El l\u00edder pesquero inform\u00f3 que a un intermediario se le vend\u00eda la langosta y \u00e9l se encargaba de realizar la exportaci\u00f3n a estos pa\u00edses. Sin embargo, por ser intermediarios, a la cooperativa les compraban a 20 d\u00f3lares el kilo, pero ellos lo revend\u00edan en 500 d\u00f3lares.<\/p>\n<p>Debido a esto, iniciaron los tr\u00e1mites para conseguir la documentaci\u00f3n y autorizaci\u00f3n de las autoridades federales de aduana para que puedan realizar la exportaci\u00f3n, pues han realizado el tratado con los empresarios, que estar\u00e1n invirtiendo en la construcci\u00f3n de estanques y redes que tiene la cooperativa en las bah\u00edas y rada de la isla.<\/p>\n<p>La cooperativa tiene una concesi\u00f3n para la captura de langosta por 20 a\u00f1os, que renovaron el mes anterior ante la Sagarpa, dijo Canto Noh, quien indic\u00f3 que son 25 embarcaciones las autorizadas para extraer de manera legal la langosta.<\/p>\n","protected":false},"excerpt":{"rendered":"<p><span style=\"color: #005497;\"><strong>Derecho de r\u00e9plica<\/strong><\/span><\/p>\n","protected":false},"author":3,"featured_media":0,"comment_status":"open","ping_status":"open","sticky":false,"template":"","format":"standard","meta":{"_monsterinsights_skip_tracking":false,"_monsterinsights_sitenote_active":false,"_monsterinsights_sitenote_note":"","_monsterinsights_sitenote_category":0,"footnotes":""},"categories":[62907],"tags":[47840,43674],"class_list":["post-369303","post","type-post","status-publish","format-standard","hentry","category-derecho-de-replica","tag-derecho-de-replica","tag-opinion"],"_links":{"self":[{"href":"https:\/\/www.diarioimagen.net\/index.php?rest_route=\/wp\/v2\/posts\/369303","targetHints":{"allow":["GET"]}}],"collection":[{"href":"https:\/\/www.diarioimagen.net\/index.php?rest_route=\/wp\/v2\/posts"}],"about":[{"href":"https:\/\/www.diarioimagen.net\/index.php?rest_route=\/wp\/v2\/types\/post"}],"author":[{"embeddable":true,"href":"https:\/\/www.diarioimagen.net\/index.php?rest_route=\/wp\/v2\/users\/3"}],"replies":[{"embeddable":true,"href":"https:\/\/www.diarioimagen.net\/index.php?rest_route=%2Fwp%2Fv2%2Fcomments&post=369303"}],"version-history":[{"count":0,"href":"https:\/\/www.diarioimagen.net\/index.php?rest_route=\/wp\/v2\/posts\/369303\/revisions"}],"wp:attachment":[{"href":"https:\/\/www.diarioimagen.net\/index.php?rest_route=%2Fwp%2Fv2%2Fmedia&parent=369303"}],"wp:term":[{"taxonomy":"category","embeddable":true,"href":"https:\/\/www.diarioimagen.net\/index.php?rest_route=%2Fwp%2Fv2%2Fcategories&post=369303"},{"taxonomy":"post_tag","embeddable":true,"href":"https:\/\/www.diarioimagen.net\/index.php?rest_route=%2Fwp%2Fv2%2Ftags&post=369303"}],"curies":[{"name":"wp","href":"https:\/\/api.w.org\/{rel}","templated":true}]}}