{"id":369314,"date":"2018-03-22T00:05:19","date_gmt":"2018-03-22T06:05:19","guid":{"rendered":"http:\/\/www.diarioimagen.net\/?p=369314"},"modified":"2018-03-22T02:24:17","modified_gmt":"2018-03-22T08:24:17","slug":"reivindicacion-de-porfirio-diaz","status":"publish","type":"post","link":"https:\/\/www.diarioimagen.net\/?p=369314","title":{"rendered":"Reivindicaci\u00f3n de Porfirio D\u00edaz"},"content":{"rendered":"<h2>Desde el portal<\/h2>\n<h5>\u00c1ngel Soriano<\/h5>\n<p>&nbsp;<\/p>\n<p>Ejecutada por encargo del general Porfirio D\u00edaz, una r\u00e9plica del gran tintero plateado fue colocada en la plaza c\u00edvica \u201cEduardo Neri Reynoso\u201d del Palacio Legislativo de San L\u00e1zaro, en donde los coordinadores parlamentarios reconocieron no s\u00f3lo la belleza de la escultura, sino la mezcla de s\u00edmbolos de libertad, pluralidad, justicia y unidad, valores que, lamentablemente no le son reconocidos al dictador oaxaque\u00f1o.<\/p>\n<p>Sin embargo, la presencia de una de las m\u00faltiples obras de gran belleza y utilidad recorren en ferrocarril el pa\u00eds: desde el Palacio de Bellas Artes, el \u00c1ngel de la Independencia, el Monumento a la Revoluci\u00f3n, los palacetes en el Centro Hist\u00f3rico, obras que no han sido superadas por ninguno de los sucesivos gobiernos de distintos partidos y colores, que le han sucedido en el poder.<\/p>\n<p>La presencia del general D\u00edaz es inocultable y la reivindicaci\u00f3n de una de sus aportaciones al ceremonial legislativo que preside en la C\u00e1mara de Diputados, es importante para reconstruir la historia y darle a nuestros pr\u00f3ceres (por encima de la cauda de medianos gobernantes que han contribuido a destrozar al pa\u00eds) el lugar que les corresponde en la historia.<\/p>\n<p>El costo de la escultura de Francisco Javier Vel\u00e1zquez Menchaca\u00a0 (2.5 mdp) es insignificante ante el hecho hist\u00f3rico.<\/p>\n<p>Si D\u00edaz luch\u00f3 contra D\u00edaz y Ricardo Flores Mag\u00f3n contra la dictadura porfirista, merecen tambi\u00e9n su lugar en la historia.<\/p>\n<p>Ya hoy las ideolog\u00edas y los partidos han desaparecido para dar paso a la ambici\u00f3n de poder y de riqueza.\u00a0 Cuando menos en un acto de justicia (que no fue lo que inspir\u00f3 a la actual Legislatura en la r\u00e9plica a escala del gran tintero plateado) debe hacerse justicia a D\u00edaz y a Flores Mag\u00f3n. Ya la historia los juzg\u00f3, como lo hacen ahora los legisladores.<\/p>\n<p style=\"text-align: center;\"><strong>TURBULENCIAS<br \/>\nJu\u00e1rez y el proceso electoral<\/strong><\/p>\n<p>Desde Guelatao, donde presidi\u00f3 la ceremonia c\u00edvica conmemorativa del CCXII Aniversario del Natalicio de Don Benito Ju\u00e1rez Garc\u00eda, el gobernador Alejandro Murat, acompa\u00f1ado de representantes de los Poderes Legislativo y Judicial hizo un llamado a la unidad de todos los actores pol\u00edticos, para garantizar que el desarrollo de los procesos electorales de este a\u00f1o se realicen en un marco de paz, seguridad, equidad y legalidad, preservando as\u00ed el legado del Benem\u00e9rito de las Am\u00e9ricas.<\/p>\n<p>\u201cTodos somos corresponsables que en este proceso electoral prevalezca M\u00e9xico, el inter\u00e9s ciudadano y caminemos juntos al futuro que anhelamos; ah\u00ed es donde radica el enorme legado juarista, sus ideas, valores y las luces de la ilustraci\u00f3n liberal que han orientado la historia nacional\u201d, afirm\u00f3 el mandatario oaxaque\u00f1o en compa\u00f1\u00eda del Presidente Municipal de Guelatao de Ju\u00e1rez, Benito Ram\u00edrez Marcial&#8230;La cultura de la impunidad y la simulaci\u00f3n fue abonada en nuestro pa\u00eds por los candidatos a independientes a la Presidencia de la Rep\u00fablica. Salvo excepciones como la de Margarita Zavala que s\u00ed hizo campa\u00f1a y asumi\u00f3 con responsabilidad la tarea, el resto s\u00f3lo utiliz\u00f3 los recursos y los medios para fines de promoci\u00f3n personal.<\/p>\n<p>Al descubrirse al desaseo en el manejo de firmas e incurrir en varios delitos, ahora los delincuentes electorales acusan al INE de \u201cinconsistencia\u201d porque, afirman, no hay testimonios de las firmas falsas. De uno y otro lado se lanzan acusaciones, lo que da un panorama real de c\u00f3mo se las gastan los aspirantes a pol\u00edticos y de c\u00f3mo su m\u00e1xima aspiraci\u00f3n es s\u00f3lo vivir de los recursos p\u00fablicos\u2026<\/p>\n<p><em><a href=\"http:\/\/www.revista-brecha.com\/\" target=\"_blank\" rel=\"noopener\">www.revista-brecha.com<br \/>\n<\/a><a href=\"mailto:asorianodesdelportalo@hotmail.com\" target=\"_blank\" rel=\"noopener\">asorianodesdelportalo@hotmail.com<\/a><\/em><\/p>\n","protected":false},"excerpt":{"rendered":"<p><span style=\"color: #005497;\"><strong>\u00c1ngel Soriano<\/strong><\/span><\/p>\n","protected":false},"author":3,"featured_media":0,"comment_status":"open","ping_status":"open","sticky":false,"template":"","format":"standard","meta":{"_monsterinsights_skip_tracking":false,"_monsterinsights_sitenote_active":false,"_monsterinsights_sitenote_note":"","_monsterinsights_sitenote_category":0,"footnotes":""},"categories":[135],"tags":[85,86,43674],"class_list":["post-369314","post","type-post","status-publish","format-standard","hentry","category-angel-soriano-opinion","tag-angel-soriano","tag-desde-el-portal","tag-opinion"],"_links":{"self":[{"href":"https:\/\/www.diarioimagen.net\/index.php?rest_route=\/wp\/v2\/posts\/369314","targetHints":{"allow":["GET"]}}],"collection":[{"href":"https:\/\/www.diarioimagen.net\/index.php?rest_route=\/wp\/v2\/posts"}],"about":[{"href":"https:\/\/www.diarioimagen.net\/index.php?rest_route=\/wp\/v2\/types\/post"}],"author":[{"embeddable":true,"href":"https:\/\/www.diarioimagen.net\/index.php?rest_route=\/wp\/v2\/users\/3"}],"replies":[{"embeddable":true,"href":"https:\/\/www.diarioimagen.net\/index.php?rest_route=%2Fwp%2Fv2%2Fcomments&post=369314"}],"version-history":[{"count":0,"href":"https:\/\/www.diarioimagen.net\/index.php?rest_route=\/wp\/v2\/posts\/369314\/revisions"}],"wp:attachment":[{"href":"https:\/\/www.diarioimagen.net\/index.php?rest_route=%2Fwp%2Fv2%2Fmedia&parent=369314"}],"wp:term":[{"taxonomy":"category","embeddable":true,"href":"https:\/\/www.diarioimagen.net\/index.php?rest_route=%2Fwp%2Fv2%2Fcategories&post=369314"},{"taxonomy":"post_tag","embeddable":true,"href":"https:\/\/www.diarioimagen.net\/index.php?rest_route=%2Fwp%2Fv2%2Ftags&post=369314"}],"curies":[{"name":"wp","href":"https:\/\/api.w.org\/{rel}","templated":true}]}}