{"id":369401,"date":"2018-03-23T00:09:09","date_gmt":"2018-03-23T06:09:09","guid":{"rendered":"http:\/\/www.diarioimagen.net\/?p=369401"},"modified":"2018-03-23T00:59:36","modified_gmt":"2018-03-23T06:59:36","slug":"naicm-es-urgente-e-indispensable-dice-mancera","status":"publish","type":"post","link":"https:\/\/www.diarioimagen.net\/?p=369401","title":{"rendered":"El NAICM es urgente e indispensable: Mancera"},"content":{"rendered":"<ul>\n<li><strong><em>Cuestiona propuesta de L\u00f3pez Obrador<\/em><\/strong><\/li>\n<\/ul>\n<p>&nbsp;<\/p>\n<div id=\"attachment_369402\" style=\"width: 470px\" class=\"wp-caption aligncenter\"><img loading=\"lazy\" decoding=\"async\" aria-describedby=\"caption-attachment-369402\" class=\"wp-image-369402 size-large\" src=\"http:\/\/www.diarioimagen.net\/wp-content\/uploads\/2018\/03\/MANCERA23-portal-460x268.jpg\" alt=\"\" width=\"460\" height=\"268\" srcset=\"https:\/\/www.diarioimagen.net\/wp-content\/uploads\/2018\/03\/MANCERA23-portal-460x268.jpg 460w, https:\/\/www.diarioimagen.net\/wp-content\/uploads\/2018\/03\/MANCERA23-portal-240x140.jpg 240w, https:\/\/www.diarioimagen.net\/wp-content\/uploads\/2018\/03\/MANCERA23-portal.jpg 480w\" sizes=\"auto, (max-width: 460px) 100vw, 460px\" \/><p id=\"caption-attachment-369402\" class=\"wp-caption-text\">Miguel \u00c1ngel Mancera cuestion\u00f3 la propuesta de Andr\u00e9s Manuel L\u00f3pez Obrador de usar la base Santa Luc\u00eda como aeropuerto comercial.<\/p><\/div>\n<p>&nbsp;<\/p>\n<p>La construcci\u00f3n el Nuevo Aeropuerto Internacional de la Ciudad de M\u00e9xico (NAICM) es indispensable y urgente, afirma el jefe de gobierno, Miguel \u00c1ngel Mancera Espinosa.<\/p>\n<p>\u201cHay que tener cuidado. Es un proyecto que va muy avanzado, que tiene una inversi\u00f3n ya alt\u00edsima en este momento, estamos hablando de miles y miles de millones que ya se han invertido en el Nuevo Aeropuerto de la Ciudad de M\u00e9xico o como le quieren decir todos aquellos que no les gusta la Ciudad de M\u00e9xico, de M\u00e9xico \u00bfno?, Nuevo Aeropuerto de M\u00e9xico, como si viajaras a M\u00e9xico nada m\u00e1s. Es el \u2018Nuevo Aeropuerto Internacional de la Ciudad de M\u00e9xico\u2019\u201d, aunque no les guste o le quieran abreviar o recortar\u201d.<\/p>\n<p>Miguel \u00c1ngel Mancera cuestion\u00f3 la propuesta que ha hecho el candidato presidencial de Morena, Andr\u00e9s Manuel L\u00f3pez Obrador, sobre que el aeropuerto utilice la base militar de Santa Luc\u00eda para operar.<\/p>\n<p>\u201cEl punto delicado es, que para que operen dos aeropuertos simult\u00e1neos -porque lo que yo entiendo es que el planteamiento que refiere, es que puede operar Santa Luc\u00eda y la Ciudad de M\u00e9xico-. Entonces, para que operen estos dos aeropuertos de manera simult\u00e1nea, se requieren estudios muy complejos, se requieren opiniones de autoridades en materia de aviaci\u00f3n internacional, de rutas a\u00e9reas, de conos de aproximaci\u00f3n, y todos los estudios que se requieren hasta ahora, apuntan a que debe ser en el sitio donde se est\u00e1 construyendo\u201d, indic\u00f3.<\/p>\n<p>El mandatario agreg\u00f3 que tambi\u00e9n se debe considerar y cuidar toda la inversi\u00f3n que ya se ha hecho en la construcci\u00f3n del NAICM.<\/p>\n<p>En materia de seguridad, Mancera Espinosa, quien en breve se incorporar\u00e1 a la campa\u00f1a del candidato de la coalici\u00f3n Por M\u00e9xico al Frente, Ricardo Anaya, sostuvo que sin importar quien asuma la conducci\u00f3n del pa\u00eds para los pr\u00f3ximos seis a\u00f1os, este deber\u00e1 de trabajar de la mano de todas las fuerzas pol\u00edticas para lograr abatir los \u00edndices delictivos.<\/p>\n<p>Si creo que todo mundo tiene que trabajar, sea hombre o mujer quien encabece la Presidencia de la Rep\u00fablica en el pr\u00f3ximo periodo, habr\u00e1 que trabajar de manera consistente; no es un trabajo de una sola persona \u00a1eh! Eso es seguro, no es el trabajo de una persona; en la problem\u00e1tica que estamos advirtiendo, es una adecuaci\u00f3n\u201d.<\/p>\n<p>Finalmente, el mandatario capitalino afirm\u00f3 que se debe planear una estrategia nacional y reiter\u00f3 su propuesta de hacer registros biom\u00e9tricos de los extranjeros que llegan al pa\u00eds, ya que dijo, se ha detectado la presencia de personas de otras nacionalidades en bandas de delincuencia organizada.<\/p>\n<p>\u201cNo estamos estigmatizando, no estamos hablando el estigma, estamos hablando de las medidas que debe tomar M\u00e9xico para tener simplemente cuidadas sus fronteras; digo, no es porque Estados Unidos considere que cualquiera de nosotros es un delincuente en potencia, que nos toman los biom\u00e9tricos, entonces \u00bfpor qu\u00e9 nos toman biom\u00e9tricos en muchos de los pa\u00edses a los que acudes?\u00a0 Simplemente es una medida de control, me parece que adem\u00e1s es necesaria y las otras son medidas adicionales en donde se debe de ir acotando\u201d, puntualiz\u00f3.<\/p>\n","protected":false},"excerpt":{"rendered":"<p>La construcci\u00f3n el Nuevo Aeropuerto Internacional de la Ciudad de M\u00e9xico (NAICM) es indispensable y urgente, afirma el jefe de gobierno, Miguel \u00c1ngel Mancera Espinosa.<\/p>\n","protected":false},"author":5,"featured_media":369402,"comment_status":"open","ping_status":"open","sticky":false,"template":"","format":"standard","meta":{"_monsterinsights_skip_tracking":false,"_monsterinsights_sitenote_active":false,"_monsterinsights_sitenote_note":"","_monsterinsights_sitenote_category":0,"footnotes":""},"categories":[6],"tags":[204,5314,38662,38501],"class_list":["post-369401","post","type-post","status-publish","format-standard","has-post-thumbnail","hentry","category-cd-de-mexico","tag-ciudad-de-mexico","tag-miguel-angel-mancera-espinosa","tag-naicm","tag-nuevo-aeropuerto-internacional-de-la-ciudad-de-mexico"],"_links":{"self":[{"href":"https:\/\/www.diarioimagen.net\/index.php?rest_route=\/wp\/v2\/posts\/369401","targetHints":{"allow":["GET"]}}],"collection":[{"href":"https:\/\/www.diarioimagen.net\/index.php?rest_route=\/wp\/v2\/posts"}],"about":[{"href":"https:\/\/www.diarioimagen.net\/index.php?rest_route=\/wp\/v2\/types\/post"}],"author":[{"embeddable":true,"href":"https:\/\/www.diarioimagen.net\/index.php?rest_route=\/wp\/v2\/users\/5"}],"replies":[{"embeddable":true,"href":"https:\/\/www.diarioimagen.net\/index.php?rest_route=%2Fwp%2Fv2%2Fcomments&post=369401"}],"version-history":[{"count":0,"href":"https:\/\/www.diarioimagen.net\/index.php?rest_route=\/wp\/v2\/posts\/369401\/revisions"}],"wp:featuredmedia":[{"embeddable":true,"href":"https:\/\/www.diarioimagen.net\/index.php?rest_route=\/wp\/v2\/media\/369402"}],"wp:attachment":[{"href":"https:\/\/www.diarioimagen.net\/index.php?rest_route=%2Fwp%2Fv2%2Fmedia&parent=369401"}],"wp:term":[{"taxonomy":"category","embeddable":true,"href":"https:\/\/www.diarioimagen.net\/index.php?rest_route=%2Fwp%2Fv2%2Fcategories&post=369401"},{"taxonomy":"post_tag","embeddable":true,"href":"https:\/\/www.diarioimagen.net\/index.php?rest_route=%2Fwp%2Fv2%2Ftags&post=369401"}],"curies":[{"name":"wp","href":"https:\/\/api.w.org\/{rel}","templated":true}]}}