{"id":369437,"date":"2018-03-23T00:11:42","date_gmt":"2018-03-23T06:11:42","guid":{"rendered":"http:\/\/www.diarioimagen.net\/?p=369437"},"modified":"2018-03-23T03:33:29","modified_gmt":"2018-03-23T09:33:29","slug":"inauguran-centro-de-salud-en-temascalcingo","status":"publish","type":"post","link":"https:\/\/www.diarioimagen.net\/?p=369437","title":{"rendered":"Inauguran centro de salud en Temascalcingo"},"content":{"rendered":"<ul>\n<li><strong><em>Beneficiar\u00e1 a m\u00e1s de 14 mil habitantes de la regi\u00f3n<\/em><\/strong><\/li>\n<\/ul>\n<p>&nbsp;<\/p>\n<div id=\"attachment_369516\" style=\"width: 470px\" class=\"wp-caption aligncenter\"><a href=\"http:\/\/www.diarioimagen.net\/?attachment_id=369516\" rel=\"attachment wp-att-369516\"><img loading=\"lazy\" decoding=\"async\" aria-describedby=\"caption-attachment-369516\" class=\"size-large wp-image-369516\" src=\"http:\/\/www.diarioimagen.net\/wp-content\/uploads\/2018\/03\/salud-3333-460x259.jpg\" alt=\"\" width=\"460\" height=\"259\" srcset=\"https:\/\/www.diarioimagen.net\/wp-content\/uploads\/2018\/03\/salud-3333-460x259.jpg 460w, https:\/\/www.diarioimagen.net\/wp-content\/uploads\/2018\/03\/salud-3333-240x135.jpg 240w, https:\/\/www.diarioimagen.net\/wp-content\/uploads\/2018\/03\/salud-3333-235x132.jpg 235w, https:\/\/www.diarioimagen.net\/wp-content\/uploads\/2018\/03\/salud-3333-202x114.jpg 202w, https:\/\/www.diarioimagen.net\/wp-content\/uploads\/2018\/03\/salud-3333-350x196.jpg 350w, https:\/\/www.diarioimagen.net\/wp-content\/uploads\/2018\/03\/salud-3333-220x123.jpg 220w, https:\/\/www.diarioimagen.net\/wp-content\/uploads\/2018\/03\/salud-3333-237x132.jpg 237w, https:\/\/www.diarioimagen.net\/wp-content\/uploads\/2018\/03\/salud-3333.jpg 480w\" sizes=\"auto, (max-width: 460px) 100vw, 460px\" \/><\/a><p id=\"caption-attachment-369516\" class=\"wp-caption-text\">El secretario de Salud del Estado de M\u00e9xico, Gabriel O\u2019Shea Cuevas, presidi\u00f3 la inauguraci\u00f3n del Centro de Salud Urbano de Temascalcingo.<\/p><\/div>\n<p>&nbsp;<\/p>\n<p><strong>Temascalcingo, Estado de M\u00e9xico<\/strong>.- En representaci\u00f3n del gobernador Alfredo Del Mazo Maza, el secretario de Salud del Estado de M\u00e9xico, Gabriel O`Shea Cuevas, presidi\u00f3 la inauguraci\u00f3n del Centro de Salud Urbano de Temascalcingo, obra en la que se invirtieron 12 millones de pesos y que beneficiar\u00e1 a m\u00e1s de 14 mil habitantes de la regi\u00f3n.<\/p>\n<p>Un equipo de nueve m\u00e9dicos y 12 enfermeras con los que inicia labores este nuevo espacio para la salud, llevar\u00e1n a cabo acciones de prevenci\u00f3n y atenci\u00f3n a favor de la poblaci\u00f3n que requiera servicios de odontolog\u00eda, consulta externa, estimulaci\u00f3n temprana y vacunaci\u00f3n, entre otros que coadyuvar\u00e1n en el control de padecimientos como obesidad, diabetes e hipertensi\u00f3n.<\/p>\n<p>El funcionario estatal anunci\u00f3 que, debido al equipamiento de vanguardia y modernas instalaciones, podr\u00e1 crecer para convertirse en un Centro Especializado de Atenci\u00f3n Primaria a la Salud (CEAPS) y brindar especialidades de Ginecobstetricia y Pediatr\u00eda con el objetivo de otorgar atenci\u00f3n prenatal y durante los primeros a\u00f1os de vida de los infantes.<\/p>\n<p>El tambi\u00e9n director general del\u00a0 ISEM se\u00f1al\u00f3 que con apoyo del gobierno municipal se prev\u00e9 la creaci\u00f3n de un laboratorio, sala de expulsi\u00f3n para atender partos y un quir\u00f3fano, a fin de ampliar la atenci\u00f3n a los habitantes de este municipio.<\/p>\n<p>Al destacar que la salud es una de las prioridades de la administraci\u00f3n estatal, O\u2019Shea Cuevas exhort\u00f3 a la poblaci\u00f3n a aprovechar las jornadas de servicios m\u00e9dicos, asesor\u00edas de alimentaci\u00f3n y planificaci\u00f3n familiar con el objetivo de priorizar la prevenci\u00f3n y el diagn\u00f3stico oportuno de las enfermedades. Estuvo acompa\u00f1ado por el presidente municipal de Temascalcingo, Rigoberto del Mazo Gardu\u00f1o; Carlos Aranza Doniz, coordinador de Salud del ISEM; Juan Sa\u00fal Ramos Gonz\u00e1lez, titular del R\u00e9gimen Estatal de Protecci\u00f3n Social en Salud, y Santiago Ramos Mill\u00e1n, comisionado para la Protecci\u00f3n contra Riesgos Sanitarios de la entidad.<\/p>\n","protected":false},"excerpt":{"rendered":"<p>En representaci\u00f3n del gobernador Alfredo Del Mazo Maza, el secretario de Salud del Estado de M\u00e9xico, Gabriel O`Shea Cuevas, presidi\u00f3 la inauguraci\u00f3n del Centro de Salud Urbano de Temascalcingo, obra en la que se invirtieron 12 millones<\/p>\n","protected":false},"author":3,"featured_media":369516,"comment_status":"open","ping_status":"open","sticky":false,"template":"","format":"standard","meta":{"_monsterinsights_skip_tracking":false,"_monsterinsights_sitenote_active":false,"_monsterinsights_sitenote_note":"","_monsterinsights_sitenote_category":0,"footnotes":""},"categories":[18863],"tags":[43675,6365,72053,18798],"class_list":["post-369437","post","type-post","status-publish","format-standard","has-post-thumbnail","hentry","category-salud-edomex","tag-estado-de-mexico","tag-gabriel-oshea-cuevas","tag-salud-del-estado-de-mexico","tag-temascalcingo"],"_links":{"self":[{"href":"https:\/\/www.diarioimagen.net\/index.php?rest_route=\/wp\/v2\/posts\/369437","targetHints":{"allow":["GET"]}}],"collection":[{"href":"https:\/\/www.diarioimagen.net\/index.php?rest_route=\/wp\/v2\/posts"}],"about":[{"href":"https:\/\/www.diarioimagen.net\/index.php?rest_route=\/wp\/v2\/types\/post"}],"author":[{"embeddable":true,"href":"https:\/\/www.diarioimagen.net\/index.php?rest_route=\/wp\/v2\/users\/3"}],"replies":[{"embeddable":true,"href":"https:\/\/www.diarioimagen.net\/index.php?rest_route=%2Fwp%2Fv2%2Fcomments&post=369437"}],"version-history":[{"count":0,"href":"https:\/\/www.diarioimagen.net\/index.php?rest_route=\/wp\/v2\/posts\/369437\/revisions"}],"wp:featuredmedia":[{"embeddable":true,"href":"https:\/\/www.diarioimagen.net\/index.php?rest_route=\/wp\/v2\/media\/369516"}],"wp:attachment":[{"href":"https:\/\/www.diarioimagen.net\/index.php?rest_route=%2Fwp%2Fv2%2Fmedia&parent=369437"}],"wp:term":[{"taxonomy":"category","embeddable":true,"href":"https:\/\/www.diarioimagen.net\/index.php?rest_route=%2Fwp%2Fv2%2Fcategories&post=369437"},{"taxonomy":"post_tag","embeddable":true,"href":"https:\/\/www.diarioimagen.net\/index.php?rest_route=%2Fwp%2Fv2%2Ftags&post=369437"}],"curies":[{"name":"wp","href":"https:\/\/api.w.org\/{rel}","templated":true}]}}