{"id":369479,"date":"2018-03-23T00:05:41","date_gmt":"2018-03-23T06:05:41","guid":{"rendered":"http:\/\/www.diarioimagen.net\/?p=369479"},"modified":"2018-03-23T04:16:21","modified_gmt":"2018-03-23T10:16:21","slug":"potenciara-uaem-beneficios-de-colaboracion-con-francia","status":"publish","type":"post","link":"https:\/\/www.diarioimagen.net\/?p=369479","title":{"rendered":"Potenciar\u00e1 UAEM beneficios de colaboraci\u00f3n con Francia"},"content":{"rendered":"<ul>\n<li><em><strong>Gira de trabajo del rector por Europa<\/strong><\/em><\/li>\n<li><em><strong>Respaldo de la embajada para proyectar el trabajo acad\u00e9mico, cient\u00edfico y cultural<\/strong><\/em><\/li>\n<\/ul>\n<p>&nbsp;<\/p>\n<div id=\"attachment_369548\" style=\"width: 470px\" class=\"wp-caption aligncenter\"><a href=\"http:\/\/www.diarioimagen.net\/?attachment_id=369548\" rel=\"attachment wp-att-369548\"><img loading=\"lazy\" decoding=\"async\" aria-describedby=\"caption-attachment-369548\" class=\"size-large wp-image-369548\" src=\"http:\/\/www.diarioimagen.net\/wp-content\/uploads\/2018\/03\/uaem-3333-460x259.jpg\" alt=\"\" width=\"460\" height=\"259\" srcset=\"https:\/\/www.diarioimagen.net\/wp-content\/uploads\/2018\/03\/uaem-3333-460x259.jpg 460w, https:\/\/www.diarioimagen.net\/wp-content\/uploads\/2018\/03\/uaem-3333-240x135.jpg 240w, https:\/\/www.diarioimagen.net\/wp-content\/uploads\/2018\/03\/uaem-3333-235x132.jpg 235w, https:\/\/www.diarioimagen.net\/wp-content\/uploads\/2018\/03\/uaem-3333-202x114.jpg 202w, https:\/\/www.diarioimagen.net\/wp-content\/uploads\/2018\/03\/uaem-3333-350x196.jpg 350w, https:\/\/www.diarioimagen.net\/wp-content\/uploads\/2018\/03\/uaem-3333-220x123.jpg 220w, https:\/\/www.diarioimagen.net\/wp-content\/uploads\/2018\/03\/uaem-3333-237x132.jpg 237w, https:\/\/www.diarioimagen.net\/wp-content\/uploads\/2018\/03\/uaem-3333.jpg 480w\" sizes=\"auto, (max-width: 460px) 100vw, 460px\" \/><\/a><p id=\"caption-attachment-369548\" class=\"wp-caption-text\">El rector Alfredo Barrera Baca destac\u00f3 el respaldo del embajador Juan Manuel G\u00f3mez Robledo para proyectar el trabajo acad\u00e9mico, cient\u00edfico y cultural de la UAEM en Francia.<\/p><\/div>\n<p>&nbsp;<\/p>\n<p><strong>Par\u00eds<\/strong>.- Con el apoyo de la embajada de M\u00e9xico en Francia, la Universidad Aut\u00f3noma del Estado de M\u00e9xico potenciar\u00e1 los beneficios que para su comunidad tienen los lazos de cooperaci\u00f3n que mantiene con instituciones de educaci\u00f3n superior galas.<\/p>\n<p>Durante la reuni\u00f3n que sostuvo con el embajador de nuestro pa\u00eds en aquella naci\u00f3n, Juan Manuel G\u00f3mez Robledo, el rector Alfredo Barrera Baca subray\u00f3 lo importante que es el respaldo de este cuerpo diplom\u00e1tico para proyectar el trabajo acad\u00e9mico, cient\u00edfico y cultural de la UAEM en Francia y Europa.<\/p>\n<p>Destac\u00f3 que en la actualidad, la Aut\u00f3noma mexiquense cuenta con ocho convenios de colaboraci\u00f3n con siete instituciones de educaci\u00f3n superior y centros de investigaci\u00f3n galos: la Universidad Lumi\u00e8re-Lyon, la Universidad Maine, la Universidad de Poitiers, la Universidad Claude Bernard Lyon 1, el Liceo Colbert de Lorient, el Instituto de Estudios Pol\u00edticos de Toulouse y el Centro de Cooperaci\u00f3n Internacional en Investigaci\u00f3n Agron\u00f3mica para el Desarrollo.<\/p>\n<p>En esta reuni\u00f3n, que se llev\u00f3 a cabo en el marco de la gira de trabajo que realiza por Europa, Alfredo Barrera Baca puntualiz\u00f3 que la m\u00e1xima casa de estudios de la entidad continuar\u00e1 impulsando la movilidad internacional y promover\u00e1 en Francia sus posgrados, 64 de los cuales cuentan con registro en el Programa Nacional de Posgrados de Calidad (PNPC) del Consejo Nacional de Ciencia y Tecnolog\u00eda (CONACyT).<\/p>\n<p>La Universidad Aut\u00f3noma del Estado de M\u00e9xico prev\u00e9 participar en la pr\u00f3xima edici\u00f3n de L\u2019Etudiant partir \u00e0 l\u2019\u00e9tranger, la feria de movilidad acad\u00e9mica m\u00e1s importante de Francia para la promoci\u00f3n de estudios en el extranjero.<\/p>\n<p>Cabe destacar que con esta naci\u00f3n nuestro pa\u00eds mantiene una actividad cient\u00edfica particularmente intensa y amplia, con m\u00e1s de 200 proyectos de investigaci\u00f3n vigentes, una producci\u00f3n anual de 600 publicaciones conjuntas y m\u00e1s de mil intercambios cient\u00edficos anuales. Francia es el tercer socio de M\u00e9xico en materia de publicaciones conjuntas, primero en el \u00e1rea de las matem\u00e1ticas y segundo en el \u00e1rea de la f\u00edsica.<\/p>\n","protected":false},"excerpt":{"rendered":"<p>Con el apoyo de la embajada de M\u00e9xico en Francia, la Universidad Aut\u00f3noma del Estado de M\u00e9xico potenciar\u00e1 los beneficios que para su comunidad tienen los lazos de cooperaci\u00f3n que mantiene con instituciones de educaci\u00f3n superior galas.<\/p>\n","protected":false},"author":3,"featured_media":369548,"comment_status":"open","ping_status":"open","sticky":false,"template":"","format":"standard","meta":{"_monsterinsights_skip_tracking":false,"_monsterinsights_sitenote_active":false,"_monsterinsights_sitenote_note":"","_monsterinsights_sitenote_category":0,"footnotes":""},"categories":[35155],"tags":[21330,2115,44,1264,1491],"class_list":["post-369479","post","type-post","status-publish","format-standard","has-post-thumbnail","hentry","category-estado-de-mexico-estado-de-mexico","tag-colaboracion","tag-francia","tag-mexico","tag-paris","tag-uaem"],"_links":{"self":[{"href":"https:\/\/www.diarioimagen.net\/index.php?rest_route=\/wp\/v2\/posts\/369479","targetHints":{"allow":["GET"]}}],"collection":[{"href":"https:\/\/www.diarioimagen.net\/index.php?rest_route=\/wp\/v2\/posts"}],"about":[{"href":"https:\/\/www.diarioimagen.net\/index.php?rest_route=\/wp\/v2\/types\/post"}],"author":[{"embeddable":true,"href":"https:\/\/www.diarioimagen.net\/index.php?rest_route=\/wp\/v2\/users\/3"}],"replies":[{"embeddable":true,"href":"https:\/\/www.diarioimagen.net\/index.php?rest_route=%2Fwp%2Fv2%2Fcomments&post=369479"}],"version-history":[{"count":0,"href":"https:\/\/www.diarioimagen.net\/index.php?rest_route=\/wp\/v2\/posts\/369479\/revisions"}],"wp:featuredmedia":[{"embeddable":true,"href":"https:\/\/www.diarioimagen.net\/index.php?rest_route=\/wp\/v2\/media\/369548"}],"wp:attachment":[{"href":"https:\/\/www.diarioimagen.net\/index.php?rest_route=%2Fwp%2Fv2%2Fmedia&parent=369479"}],"wp:term":[{"taxonomy":"category","embeddable":true,"href":"https:\/\/www.diarioimagen.net\/index.php?rest_route=%2Fwp%2Fv2%2Fcategories&post=369479"},{"taxonomy":"post_tag","embeddable":true,"href":"https:\/\/www.diarioimagen.net\/index.php?rest_route=%2Fwp%2Fv2%2Ftags&post=369479"}],"curies":[{"name":"wp","href":"https:\/\/api.w.org\/{rel}","templated":true}]}}