{"id":369490,"date":"2018-03-23T00:07:50","date_gmt":"2018-03-23T06:07:50","guid":{"rendered":"http:\/\/www.diarioimagen.net\/?p=369490"},"modified":"2018-03-23T04:42:39","modified_gmt":"2018-03-23T10:42:39","slug":"trabajadores-de-huixquilucan-obtienen-otro-aumento-salarial","status":"publish","type":"post","link":"https:\/\/www.diarioimagen.net\/?p=369490","title":{"rendered":"Trabajadores de Huixquilucan obtienen otro aumento salarial"},"content":{"rendered":"<ul>\n<li><strong><em>Acuerdo con el SUTEyM<\/em><\/strong><\/li>\n<\/ul>\n<p>&nbsp;<\/p>\n<div id=\"attachment_369561\" style=\"width: 470px\" class=\"wp-caption aligncenter\"><a href=\"http:\/\/www.diarioimagen.net\/?attachment_id=369561\" rel=\"attachment wp-att-369561\"><img loading=\"lazy\" decoding=\"async\" aria-describedby=\"caption-attachment-369561\" class=\"size-large wp-image-369561\" src=\"http:\/\/www.diarioimagen.net\/wp-content\/uploads\/2018\/03\/HUIXQUILUCAN-3333-460x259.jpg\" alt=\"\" width=\"460\" height=\"259\" srcset=\"https:\/\/www.diarioimagen.net\/wp-content\/uploads\/2018\/03\/HUIXQUILUCAN-3333-460x259.jpg 460w, https:\/\/www.diarioimagen.net\/wp-content\/uploads\/2018\/03\/HUIXQUILUCAN-3333-240x135.jpg 240w, https:\/\/www.diarioimagen.net\/wp-content\/uploads\/2018\/03\/HUIXQUILUCAN-3333-235x132.jpg 235w, https:\/\/www.diarioimagen.net\/wp-content\/uploads\/2018\/03\/HUIXQUILUCAN-3333-202x114.jpg 202w, https:\/\/www.diarioimagen.net\/wp-content\/uploads\/2018\/03\/HUIXQUILUCAN-3333-350x196.jpg 350w, https:\/\/www.diarioimagen.net\/wp-content\/uploads\/2018\/03\/HUIXQUILUCAN-3333-220x123.jpg 220w, https:\/\/www.diarioimagen.net\/wp-content\/uploads\/2018\/03\/HUIXQUILUCAN-3333-237x132.jpg 237w, https:\/\/www.diarioimagen.net\/wp-content\/uploads\/2018\/03\/HUIXQUILUCAN-3333.jpg 480w\" sizes=\"auto, (max-width: 460px) 100vw, 460px\" \/><\/a><p id=\"caption-attachment-369561\" class=\"wp-caption-text\">El alcalde Enrique Vargas del Villar resalt\u00f3 que gracias al manejo responsable de los recursos p\u00fablicos, le ha permitido cumplir con los acuerdos con el SUTEyM.<\/p><\/div>\n<p>&nbsp;<\/p>\n<p><strong>Huixquilucan, Estado de M\u00e9xico<\/strong>.- Al firmar el convenio de sueldos y prestaciones colaterales de ley 2018 con la secci\u00f3n Huixquilucan del Sindicato \u00danico de Trabajadores de los Poderes, Municipios e Instituciones Descentralizadas del Estado de M\u00e9xico (SUTEyM), el presidente Enrique Vargas del Villar resalt\u00f3 que gracias al manejo responsable de los recursos p\u00fablicos, le ha permitido cumplir con los acuerdos con este gremio y actualizar a\u00f1o con a\u00f1o el compromiso.<\/p>\n<p>\u201cEs un honor estar frente a todos ustedes y decirles, que cabalmente cumplimos cada uno de los convenios que firmamos, esto se logr\u00f3 gracias a como manejamos financieramente el municipio\u201d, enfatiz\u00f3.<\/p>\n<p>Ante los trabajadores sindicalizados, el edil record\u00f3 que muestra del adecuado manejo de las finanzas, la calificadora Fitch Ratings elev\u00f3 por segundo a\u00f1o consecutivo la evaluaci\u00f3n al\u00a0\u00a0municipio, lo que habla de su solidez financiera. \u201cSomos el municipio mejor calificado del Estado de M\u00e9xico\u201d.<\/p>\n<p>Acompa\u00f1ado por la presidenta del sistema municipal para el Desarrollo Integral de la Familia (DIF), Romina Contreras Carrasco; por el secretario y asesor del SUTEyM Huixquilucan, Pedro Sol\u00eds Villar y Salvador Linares Romero, respectivamente, el Edil reconoci\u00f3 el trabajo que realizan los empleados para seguir transformando a Huixquilucan.\u00a0\u201cMi compromiso era sacar adelante los adeudos, lo cual se logr\u00f3 y actualmente no hay d\u00e9bitos con el SUTEyM\u201d, destac\u00f3.<\/p>\n<p>El secretario del SUTEyM Huixquilucan, Pedro Sol\u00eds Villar, reconoci\u00f3 el compromiso que el Presidente Municipal, Enrique Vargas, tienen con el gremio sindical y celebr\u00f3 el trabajo coordinado en bien de los habitantes.<\/p>\n<p>El asesor del SUTEyM Huixquilucan, Salvador Linares, destac\u00f3 que el aumento directo al salario de los suteymistas ser\u00e1 del 7.5 por ciento y un incremento similar en las prestaciones colaterales, dando como resultado un aumento neto real, de 15 por ciento.<\/p>\n<p>Agradeci\u00f3 la buena disposici\u00f3n del Presidente Municipal, para llevar a buen t\u00e9rmino las negociaciones previas a la firma de convenio, y extern\u00f3 p\u00fablicamente la gratitud, respeto y aprecio que los suteymistas tienen por Enrique Vargas del Villar.<\/p>\n","protected":false},"excerpt":{"rendered":"<p>Al firmar el convenio de sueldos y prestaciones colaterales de ley 2018 con la secci\u00f3n Huixquilucan del Sindicato \u00danico de Trabajadores de los Poderes, Municipios e Instituciones Descentralizadas del Estado de M\u00e9xico (SUTEyM), el presidente Enrique Vargas del Villar resalt\u00f3 que gracias al manejo responsable de los recursos p\u00fablicos, le ha permitido cumplir con los acuerdos con este gremio y actualizar a\u00f1o con a\u00f1o el compromiso.<\/p>\n","protected":false},"author":3,"featured_media":369561,"comment_status":"open","ping_status":"open","sticky":false,"template":"","format":"standard","meta":{"_monsterinsights_skip_tracking":false,"_monsterinsights_sitenote_active":false,"_monsterinsights_sitenote_note":"","_monsterinsights_sitenote_category":0,"footnotes":""},"categories":[35155],"tags":[47218,43675,1097,2572],"class_list":["post-369490","post","type-post","status-publish","format-standard","has-post-thumbnail","hentry","category-estado-de-mexico-estado-de-mexico","tag-enrique-vargas-del-villar","tag-estado-de-mexico","tag-huixquilucan","tag-suteym"],"_links":{"self":[{"href":"https:\/\/www.diarioimagen.net\/index.php?rest_route=\/wp\/v2\/posts\/369490","targetHints":{"allow":["GET"]}}],"collection":[{"href":"https:\/\/www.diarioimagen.net\/index.php?rest_route=\/wp\/v2\/posts"}],"about":[{"href":"https:\/\/www.diarioimagen.net\/index.php?rest_route=\/wp\/v2\/types\/post"}],"author":[{"embeddable":true,"href":"https:\/\/www.diarioimagen.net\/index.php?rest_route=\/wp\/v2\/users\/3"}],"replies":[{"embeddable":true,"href":"https:\/\/www.diarioimagen.net\/index.php?rest_route=%2Fwp%2Fv2%2Fcomments&post=369490"}],"version-history":[{"count":0,"href":"https:\/\/www.diarioimagen.net\/index.php?rest_route=\/wp\/v2\/posts\/369490\/revisions"}],"wp:featuredmedia":[{"embeddable":true,"href":"https:\/\/www.diarioimagen.net\/index.php?rest_route=\/wp\/v2\/media\/369561"}],"wp:attachment":[{"href":"https:\/\/www.diarioimagen.net\/index.php?rest_route=%2Fwp%2Fv2%2Fmedia&parent=369490"}],"wp:term":[{"taxonomy":"category","embeddable":true,"href":"https:\/\/www.diarioimagen.net\/index.php?rest_route=%2Fwp%2Fv2%2Fcategories&post=369490"},{"taxonomy":"post_tag","embeddable":true,"href":"https:\/\/www.diarioimagen.net\/index.php?rest_route=%2Fwp%2Fv2%2Ftags&post=369490"}],"curies":[{"name":"wp","href":"https:\/\/api.w.org\/{rel}","templated":true}]}}