{"id":369492,"date":"2018-03-23T00:06:52","date_gmt":"2018-03-23T06:06:52","guid":{"rendered":"http:\/\/www.diarioimagen.net\/?p=369492"},"modified":"2018-03-23T04:43:23","modified_gmt":"2018-03-23T10:43:23","slug":"se-prepara-tultitlan-frente-a-las-contingencias-por-las-lluvias-adan-barron","status":"publish","type":"post","link":"https:\/\/www.diarioimagen.net\/?p=369492","title":{"rendered":"Se prepara Tultitl\u00e1n frente a las contingencias por las  lluvias: Ad\u00e1n Barr\u00f3n"},"content":{"rendered":"<p><a href=\"http:\/\/www.diarioimagen.net\/?attachment_id=369563\" rel=\"attachment wp-att-369563\"><img loading=\"lazy\" decoding=\"async\" class=\"aligncenter size-large wp-image-369563\" src=\"http:\/\/www.diarioimagen.net\/wp-content\/uploads\/2018\/03\/TULTITLAN-3333-460x259.jpg\" alt=\"\" width=\"460\" height=\"259\" srcset=\"https:\/\/www.diarioimagen.net\/wp-content\/uploads\/2018\/03\/TULTITLAN-3333-460x259.jpg 460w, https:\/\/www.diarioimagen.net\/wp-content\/uploads\/2018\/03\/TULTITLAN-3333-240x135.jpg 240w, https:\/\/www.diarioimagen.net\/wp-content\/uploads\/2018\/03\/TULTITLAN-3333-235x132.jpg 235w, https:\/\/www.diarioimagen.net\/wp-content\/uploads\/2018\/03\/TULTITLAN-3333-202x114.jpg 202w, https:\/\/www.diarioimagen.net\/wp-content\/uploads\/2018\/03\/TULTITLAN-3333-350x196.jpg 350w, https:\/\/www.diarioimagen.net\/wp-content\/uploads\/2018\/03\/TULTITLAN-3333-220x123.jpg 220w, https:\/\/www.diarioimagen.net\/wp-content\/uploads\/2018\/03\/TULTITLAN-3333-237x132.jpg 237w, https:\/\/www.diarioimagen.net\/wp-content\/uploads\/2018\/03\/TULTITLAN-3333.jpg 480w\" sizes=\"auto, (max-width: 460px) 100vw, 460px\" \/><\/a><\/p>\n<p>&nbsp;<\/p>\n<p><strong>Tultitl\u00e1n, Estado de M\u00e9xico<\/strong><strong>.-<\/strong> Con la finalidad de actuar de manera eficiente durante la temporada de lluvias, el gobierno municipal que encabeza Jorge Ad\u00e1n Barr\u00f3n Elizalde, en amplia colaboraci\u00f3n con la Direcci\u00f3n de Protecci\u00f3n Civil y Bomberos, el organismo de Agua Potable Alcantarillado y Saneamiento de Tultitl\u00e1n (APAST) y la Comisar\u00eda de Seguridad P\u00fablica, llev\u00f3 a cabo la creaci\u00f3n de un grupo de reacci\u00f3n inmediata para contingencias.<\/p>\n<p>El edil explic\u00f3 que el plan consiste en identificar, ante la temporada de lluvias que se avecina, las etapas y tipos de posibles riesgos, como inundaciones, encharcamientos y desborde de cauces.<\/p>\n","protected":false},"excerpt":{"rendered":"<p>Con la finalidad de actuar de manera eficiente durante la temporada de lluvias, el gobierno municipal que encabeza Jorge Ad\u00e1n Barr\u00f3n Elizalde, en amplia colaboraci\u00f3n con la Direcci\u00f3n de Protecci\u00f3n Civil y Bomberos, el organismo de Agua Potable Alcantarillado y Saneamiento de Tultitl\u00e1n (APAST) y la Comisar\u00eda de Seguridad P\u00fablica, llev\u00f3 a cabo la creaci\u00f3n de un grupo de reacci\u00f3n inmediata para contingencias.<\/p>\n","protected":false},"author":3,"featured_media":369563,"comment_status":"open","ping_status":"open","sticky":false,"template":"","format":"standard","meta":{"_monsterinsights_skip_tracking":false,"_monsterinsights_sitenote_active":false,"_monsterinsights_sitenote_note":"","_monsterinsights_sitenote_category":0,"footnotes":""},"categories":[35155],"tags":[72060,43675,578],"class_list":["post-369492","post","type-post","status-publish","format-standard","has-post-thumbnail","hentry","category-estado-de-mexico-estado-de-mexico","tag-adan-barron","tag-estado-de-mexico","tag-tultitlan"],"_links":{"self":[{"href":"https:\/\/www.diarioimagen.net\/index.php?rest_route=\/wp\/v2\/posts\/369492","targetHints":{"allow":["GET"]}}],"collection":[{"href":"https:\/\/www.diarioimagen.net\/index.php?rest_route=\/wp\/v2\/posts"}],"about":[{"href":"https:\/\/www.diarioimagen.net\/index.php?rest_route=\/wp\/v2\/types\/post"}],"author":[{"embeddable":true,"href":"https:\/\/www.diarioimagen.net\/index.php?rest_route=\/wp\/v2\/users\/3"}],"replies":[{"embeddable":true,"href":"https:\/\/www.diarioimagen.net\/index.php?rest_route=%2Fwp%2Fv2%2Fcomments&post=369492"}],"version-history":[{"count":0,"href":"https:\/\/www.diarioimagen.net\/index.php?rest_route=\/wp\/v2\/posts\/369492\/revisions"}],"wp:featuredmedia":[{"embeddable":true,"href":"https:\/\/www.diarioimagen.net\/index.php?rest_route=\/wp\/v2\/media\/369563"}],"wp:attachment":[{"href":"https:\/\/www.diarioimagen.net\/index.php?rest_route=%2Fwp%2Fv2%2Fmedia&parent=369492"}],"wp:term":[{"taxonomy":"category","embeddable":true,"href":"https:\/\/www.diarioimagen.net\/index.php?rest_route=%2Fwp%2Fv2%2Fcategories&post=369492"},{"taxonomy":"post_tag","embeddable":true,"href":"https:\/\/www.diarioimagen.net\/index.php?rest_route=%2Fwp%2Fv2%2Ftags&post=369492"}],"curies":[{"name":"wp","href":"https:\/\/api.w.org\/{rel}","templated":true}]}}