{"id":369495,"date":"2018-03-23T00:05:00","date_gmt":"2018-03-23T06:05:00","guid":{"rendered":"http:\/\/www.diarioimagen.net\/?p=369495"},"modified":"2018-03-23T06:30:49","modified_gmt":"2018-03-23T12:30:49","slug":"mexico-ira-con-tres-delanteros-a-rusia-2018","status":"publish","type":"post","link":"https:\/\/www.diarioimagen.net\/?p=369495","title":{"rendered":"M\u00e9xico ir\u00e1 con tres delanteros a Rusia 2018"},"content":{"rendered":"<ul>\n<li><em><strong>Destaca Osorio cualidades de atacantes<\/strong><\/em><\/li>\n<li><strong>Chicharito<\/strong><em><strong>, Jim\u00e9nez y Oribe se perfilan como los elegidos<\/strong><\/em><\/li>\n<\/ul>\n<p>&nbsp;<\/p>\n<div id=\"attachment_369570\" style=\"width: 470px\" class=\"wp-caption aligncenter\"><a href=\"http:\/\/www.diarioimagen.net\/?attachment_id=369570\" rel=\"attachment wp-att-369570\"><img loading=\"lazy\" decoding=\"async\" aria-describedby=\"caption-attachment-369570\" class=\"size-large wp-image-369570\" src=\"http:\/\/www.diarioimagen.net\/wp-content\/uploads\/2018\/03\/deportes-3333-460x259.jpg\" alt=\"\" width=\"460\" height=\"259\" srcset=\"https:\/\/www.diarioimagen.net\/wp-content\/uploads\/2018\/03\/deportes-3333-460x259.jpg 460w, https:\/\/www.diarioimagen.net\/wp-content\/uploads\/2018\/03\/deportes-3333-240x135.jpg 240w, https:\/\/www.diarioimagen.net\/wp-content\/uploads\/2018\/03\/deportes-3333-235x132.jpg 235w, https:\/\/www.diarioimagen.net\/wp-content\/uploads\/2018\/03\/deportes-3333-202x114.jpg 202w, https:\/\/www.diarioimagen.net\/wp-content\/uploads\/2018\/03\/deportes-3333-350x196.jpg 350w, https:\/\/www.diarioimagen.net\/wp-content\/uploads\/2018\/03\/deportes-3333-220x123.jpg 220w, https:\/\/www.diarioimagen.net\/wp-content\/uploads\/2018\/03\/deportes-3333-237x132.jpg 237w, https:\/\/www.diarioimagen.net\/wp-content\/uploads\/2018\/03\/deportes-3333.jpg 480w\" sizes=\"auto, (max-width: 460px) 100vw, 460px\" \/><\/a><p id=\"caption-attachment-369570\" class=\"wp-caption-text\">El DT del Tri, Juan Carlos Osorio, est\u00e1 contemplando a Javier Hern\u00e1ndez, Ra\u00fal Jim\u00e9nez y Oribe Peralta para Rusia 2018.<\/p><\/div>\n<p>&nbsp;<\/p>\n<p>El entrenador de la Selecci\u00f3n Nacional de M\u00e9xico, Juan Carlos Osorio, tiene decidido ir a Rusia 2018 con tres centros delanteros, por lo que Javier Hern\u00e1ndez, Ra\u00fal Jim\u00e9nez y Oribe Peralta se perfilan como los elegidos.<\/p>\n<p>Aunque tambi\u00e9n ha probado a Henry Martin y Alan Pulido, la experiencia y goles del \u201cCepillo\u201d lo ponen en la terna junto a los \u201ceuropeos\u201d.<\/p>\n<p>Previo a enfrentar a Islandia en la Fecha FIFA en California, el DT destac\u00f3 las cualidades de los atacantes y record\u00f3 que ya se pelean pocos lugares en el seleccionado nacional, como por ejemplo en el medio campo.<\/p>\n<p>\u201cEl caso de los tres nueves, la idea es llevar tres (al Mundial), porque cada uno ofrece diferentes cosas y muy positivas.<\/p>\n<p>\u201cYo no tengo dudas de ning\u00fan jugador, lo que s\u00ed hay es dos o tres compitiendo por una posici\u00f3n. Rodolfo (Pizarro) nos ofrece conducci\u00f3n, Marco (Fabi\u00e1n) tiro de media distancia\u201d, asegur\u00f3 Osorio, quien se dijo orgulloso, privilegiado e ilusionado con este Tri.<\/p>\n<p>\u201cEs un privilegio trabajar con los muchachos. Se percibe el gran esp\u00edritu de equipo que hay entre ellos, todos los abrazos son sinceros&#8230; Tengo un orgullo inmenso, un privilegio trabajar con este grupo de jugadores y la ilusi\u00f3n de ir al torneo m\u00e1s importante del futbol\u201d.<\/p>\n<p>Rafael M\u00e1rquez tambi\u00e9n recibi\u00f3 el plan de acompa\u00f1amiento del estratega colombiano, quien evaluar\u00e1 al zaguero del Atlas para ver c\u00f3mo est\u00e1 de cara a lo que ser\u00eda su quinto Mundial. Ante Islandia, Osorio no contar\u00e1 con H\u00e9ctor Herrera por una dolencia.<\/p>\n<p>Islandia tuvo una gran Eurocopa en el 2016, empat\u00f3 con Portugal y le gan\u00f3 a Inglaterra. Es un futbol directo. Si nosotros no tenemos un equipo con poder\u00edo a\u00e9reo, vamos a sufrir mucho.<\/p>\n<p>\u201cHizo cambios sociales y culturales trascendentales para la vida humana, eso lo han redondeado con el futbol. Es un pa\u00eds con una fuerza envidiable\u201d.<\/p>\n","protected":false},"excerpt":{"rendered":"<p>El entrenador de la Selecci\u00f3n Nacional de M\u00e9xico, Juan Carlos Osorio, tiene decidido ir a Rusia 2018 con tres centros delanteros, por lo que Javier Hern\u00e1ndez, Ra\u00fal Jim\u00e9nez y Oribe Peralta se perfilan como los elegidos.<\/p>\n","protected":false},"author":3,"featured_media":369570,"comment_status":"open","ping_status":"open","sticky":false,"template":"","format":"standard","meta":{"_monsterinsights_skip_tracking":false,"_monsterinsights_sitenote_active":false,"_monsterinsights_sitenote_note":"","_monsterinsights_sitenote_category":0,"footnotes":""},"categories":[10],"tags":[43680,61703,69052,2825],"class_list":["post-369495","post","type-post","status-publish","format-standard","has-post-thumbnail","hentry","category-deportes","tag-deportes","tag-juan-carlos-osorio","tag-rusia-2018","tag-tri"],"_links":{"self":[{"href":"https:\/\/www.diarioimagen.net\/index.php?rest_route=\/wp\/v2\/posts\/369495","targetHints":{"allow":["GET"]}}],"collection":[{"href":"https:\/\/www.diarioimagen.net\/index.php?rest_route=\/wp\/v2\/posts"}],"about":[{"href":"https:\/\/www.diarioimagen.net\/index.php?rest_route=\/wp\/v2\/types\/post"}],"author":[{"embeddable":true,"href":"https:\/\/www.diarioimagen.net\/index.php?rest_route=\/wp\/v2\/users\/3"}],"replies":[{"embeddable":true,"href":"https:\/\/www.diarioimagen.net\/index.php?rest_route=%2Fwp%2Fv2%2Fcomments&post=369495"}],"version-history":[{"count":0,"href":"https:\/\/www.diarioimagen.net\/index.php?rest_route=\/wp\/v2\/posts\/369495\/revisions"}],"wp:featuredmedia":[{"embeddable":true,"href":"https:\/\/www.diarioimagen.net\/index.php?rest_route=\/wp\/v2\/media\/369570"}],"wp:attachment":[{"href":"https:\/\/www.diarioimagen.net\/index.php?rest_route=%2Fwp%2Fv2%2Fmedia&parent=369495"}],"wp:term":[{"taxonomy":"category","embeddable":true,"href":"https:\/\/www.diarioimagen.net\/index.php?rest_route=%2Fwp%2Fv2%2Fcategories&post=369495"},{"taxonomy":"post_tag","embeddable":true,"href":"https:\/\/www.diarioimagen.net\/index.php?rest_route=%2Fwp%2Fv2%2Ftags&post=369495"}],"curies":[{"name":"wp","href":"https:\/\/api.w.org\/{rel}","templated":true}]}}