{"id":369514,"date":"2018-03-23T00:08:36","date_gmt":"2018-03-23T06:08:36","guid":{"rendered":"http:\/\/www.diarioimagen.net\/?p=369514"},"modified":"2018-03-23T08:55:39","modified_gmt":"2018-03-23T14:55:39","slug":"asesinan-a-otro-periodista","status":"publish","type":"post","link":"https:\/\/www.diarioimagen.net\/?p=369514","title":{"rendered":"Asesinan a otro periodista"},"content":{"rendered":"<h2>Punto por punto<\/h2>\n<h5>Augusto Corro<\/h5>\n<p>&nbsp;<\/p>\n<div id=\"attachment_369585\" style=\"width: 470px\" class=\"wp-caption aligncenter\"><a href=\"http:\/\/www.diarioimagen.net\/?attachment_id=369585\" rel=\"attachment wp-att-369585\"><img loading=\"lazy\" decoding=\"async\" aria-describedby=\"caption-attachment-369585\" class=\"size-large wp-image-369585\" src=\"http:\/\/www.diarioimagen.net\/wp-content\/uploads\/2018\/03\/ESTa-CAnON.-jose-luis-3333-460x382.jpg\" alt=\"\" width=\"460\" height=\"382\" srcset=\"https:\/\/www.diarioimagen.net\/wp-content\/uploads\/2018\/03\/ESTa-CAnON.-jose-luis-3333-460x382.jpg 460w, https:\/\/www.diarioimagen.net\/wp-content\/uploads\/2018\/03\/ESTa-CAnON.-jose-luis-3333-240x199.jpg 240w, https:\/\/www.diarioimagen.net\/wp-content\/uploads\/2018\/03\/ESTa-CAnON.-jose-luis-3333-768x637.jpg 768w, https:\/\/www.diarioimagen.net\/wp-content\/uploads\/2018\/03\/ESTa-CAnON.-jose-luis-3333.jpg 1200w\" sizes=\"auto, (max-width: 460px) 100vw, 460px\" \/><\/a><p id=\"caption-attachment-369585\" class=\"wp-caption-text\">Est\u00e1 ca\u00f1\u00f3n&#8230; | Jos\u00e9 Luis<\/p><\/div>\n<p>&nbsp;<\/p>\n<p>El reportero Leobardo V\u00e1zquez Atzin fue asesinado a balazos en su casa el mi\u00e9rcoles por la tarde, en Veracruz. El hecho se registr\u00f3 en el municipio de Guti\u00e9rrez Zamora, al norte del estado.<\/p>\n<p>V\u00e1zquez Atzin se desempe\u00f1\u00f3 como corresponsal del diario <em>La Opini\u00f3n<\/em> de Poza Rica y <em>Vanguardia<\/em>.\u00a0 Manejaba su propio portal de noticias.<\/p>\n<p>En los \u00faltimos siete a\u00f1os, veintid\u00f3s comunicadores, incluido Leobardo, fueron ultimados en la entidad mencionada en la que se vive una espiral de violencia.<\/p>\n<p>De acuerdo con las estad\u00edsticas de la\u00a0 Comisi\u00f3n Estatal para la Atenci\u00f3n y Protecci\u00f3n de los Periodistas, 17 comunicadores fueron asesinados durante el gobierno de Javier Duarte de Ochoa; y cinco en el primer a\u00f1o y medio de la administraci\u00f3n del panista-perredista, Miguel Angel Yunes Linares.<\/p>\n<p>En 2017, 12 periodistas fueron asesinados en M\u00e9xico. Por cierto, ayer se cumpli\u00f3 un a\u00f1o de la muerte de la comunicadora Miroslava Breach, ocurrida en Chihuahua.<\/p>\n<p>Se repiti\u00f3, pues, otra historia de salvajismo en la que los representantes de los medios de comunicaci\u00f3n pierden la vida a manos de sicarios enviados por los capos del narco o por caciques due\u00f1os de vidas y haciendas.<\/p>\n<p>Como ocurre en la mayor\u00eda de los cr\u00edmenes contra comunicadores, los asesinos gozar\u00e1n de impunidad total. \u00bfHasta cu\u00e1ndo se dejar\u00e1 de matar a periodistas?<\/p>\n<p><strong>Pobreza<\/strong><\/p>\n<p>Bueno, pues hay varias clases de pobreza: una es la pobreza a secas y la otra la pobreza extrema. Quiero entender que en el primer caso, las personas tienen los recursos m\u00ednimos para conseguir comida, por lo menos;\u00a0 y en el segundo te encuentras en condiciones paup\u00e9rrimas, que carecen de recursos hasta para conseguir un vaso de agua. El Consejo Nacional para la Evaluaci\u00f3n de la Pol\u00edtica de Desarrollo Social (Coneval) dijo que M\u00e9xico enfrenta un panorama mixto en los niveles de pobreza; \u201cen los \u00faltimos ocho a\u00f1os, la pobreza extrema disminuy\u00f3; pero el n\u00famero de pobres aument\u00f3\u201d.<\/p>\n<p>De acuerdo con el informe de Evaluaci\u00f3n de la Pol\u00edtica de Desarrollo Social 2018, hasta el a\u00f1o pasado 53.8 millones de mexicanos eran pobres. Entre los a\u00f1os 2008 a 2016 su n\u00famero aument\u00f3 en 3.9 millones, en tanto 2.9 millones de personas dejaron de estar en situaci\u00f3n de pobreza extrema.<\/p>\n<p>\u00bfLos flamantes candidatos presidenciales sabr\u00e1n que existen en condiciones de miseria millones de mexicanos?\u00a0\u00a0 Parece que no. Y si lo saben temen hablar de la pobreza.\u00a0 Solo basta recordarles que el Instituto Nacional Electoral (INE) tiene registrados alrededor\u00a0 de 90 millones de electores, que podr\u00edan marcar el resultado de las elecciones.<\/p>\n<p>Por cierto, \u00bfen qu\u00e9 terminaron esas \u201ccruzadas\u201d contra el hambre y esos programas de desarrollo social? \u00bfAlguien lo sabe? Porque la prueba de que no funcionaron planes, proyectos, etc., la tenemos en el incremento del n\u00famero de pobres. \u00bfO no?<\/p>\n<p><strong>Crisis politica en Per\u00fa<\/strong><\/p>\n<p>Una noticia sacudi\u00f3 a los peruanos: la renuncia de Pedro Pablo Kuczynski al cargo de presidente. El primer mandatario, un ex banquero que lleg\u00f3 al poder en julio de 2016, dej\u00f3 la silla presidencial de Per\u00fa, presionado por acusaciones de corrupci\u00f3n.<\/p>\n<p>Kuczynski es investigado por el Congreso peruano por recibir sobornos de la empresa\u00a0 brasile\u00f1a Odebrecht, quien acept\u00f3 el manejo de negociaciones ilegales en varios pa\u00edses de Am\u00e9rica Latina.<\/p>\n<p>Se inform\u00f3 que el vicepresidente Mart\u00edn Vizcarra, de 55 a\u00f1os, tomar\u00e1 posesi\u00f3n del cargo hoy viernes.<\/p>\n<p>Por otra parte, fiscales anticorrupci\u00f3n solicitaron a un juez una orden para impedir la salida del pa\u00eds de Kuczynski, mientras investigan pagos de Odebrecht a dos firmas consultoras vinculadas al mandatario citado.<\/p>\n<p>Un dato curioso. La renuncia del primer mandatario se dio a casi tres semanas para que Per\u00fa sea anfitri\u00f3n de la Cumbre de las Am\u00e9ricas en Lima, el 13 y 14 de abril.<\/p>\n<p>Limpiar la corrupci\u00f3n del gobierno fue una de las promesas de campa\u00f1a de Kuczynski.<\/p>\n<p style=\"text-align: center;\"><strong>Puntos suspensivos\u2026 <\/strong><\/p>\n<p>Se desata la guerra comercial Estados Unidos-China y la situaci\u00f3n se pone al rojo vivo. Resulta que el anaranjado Donald Trump decidi\u00f3 castigar al pa\u00eds asi\u00e1tico porque este se est\u00e1 robando la tecnolog\u00eda estadounidense.<\/p>\n<p>EU aplicar\u00e1 medidas contra la inversi\u00f3n china y aranceles contra importaciones\u2026 El candidato pri\u00edsta capitalino, Mikel Arriola, no quita el dedo del rengl\u00f3n y ya acus\u00f3 Alejandra Barrales ante la Unidad Especializada en Investigaci\u00f3n de Delitos Cometidos por Servidores P\u00fablicos del presunto delito de enriquecimiento il\u00edcito y tambi\u00e9n por una supuesta defraudaci\u00f3n fiscal por 22 millones de pesos\u2026 El ganador del Oscar, Guillermo del Toro, se uni\u00f3 a la b\u00fasqueda de Javier Salom\u00f3n Aceves Gast\u00e9lum, Daniel D\u00edaz y Marcos \u00c1valos tres estudiantes de cine desaparecidos el 19 de marzo en el municipio de Tonal\u00e1, Jalisco.<\/p>\n<p style=\"text-align: right;\"><em><strong>Feliz fin de semana<\/strong><\/em><\/p>\n<p><em><a href=\"mailto:aco2742@hotmail.com\" target=\"_blank\" rel=\"noopener\">aco2742@hotmail.com<\/a><\/em><\/p>\n","protected":false},"excerpt":{"rendered":"<p><span style=\"color: #005497;\"><strong>Augusto Corro<\/strong><\/span><br \/>\n<br \/>\nEl reportero Leobardo V\u00e1zquez Atzin fue asesinado a balazos en su casa el mi\u00e9rcoles por la tarde, en Veracruz. El hecho se registr\u00f3 en el municipio de Guti\u00e9rrez Zamora, al norte del estado.<\/p>\n","protected":false},"author":3,"featured_media":369585,"comment_status":"open","ping_status":"open","sticky":false,"template":"","format":"standard","meta":{"_monsterinsights_skip_tracking":false,"_monsterinsights_sitenote_active":false,"_monsterinsights_sitenote_note":"","_monsterinsights_sitenote_category":0,"footnotes":""},"categories":[157],"tags":[43686,43674,11515],"class_list":["post-369514","post","type-post","status-publish","format-standard","has-post-thumbnail","hentry","category-augusto-corro","tag-augusto-corro","tag-opinion","tag-punto-por-punto"],"_links":{"self":[{"href":"https:\/\/www.diarioimagen.net\/index.php?rest_route=\/wp\/v2\/posts\/369514","targetHints":{"allow":["GET"]}}],"collection":[{"href":"https:\/\/www.diarioimagen.net\/index.php?rest_route=\/wp\/v2\/posts"}],"about":[{"href":"https:\/\/www.diarioimagen.net\/index.php?rest_route=\/wp\/v2\/types\/post"}],"author":[{"embeddable":true,"href":"https:\/\/www.diarioimagen.net\/index.php?rest_route=\/wp\/v2\/users\/3"}],"replies":[{"embeddable":true,"href":"https:\/\/www.diarioimagen.net\/index.php?rest_route=%2Fwp%2Fv2%2Fcomments&post=369514"}],"version-history":[{"count":0,"href":"https:\/\/www.diarioimagen.net\/index.php?rest_route=\/wp\/v2\/posts\/369514\/revisions"}],"wp:featuredmedia":[{"embeddable":true,"href":"https:\/\/www.diarioimagen.net\/index.php?rest_route=\/wp\/v2\/media\/369585"}],"wp:attachment":[{"href":"https:\/\/www.diarioimagen.net\/index.php?rest_route=%2Fwp%2Fv2%2Fmedia&parent=369514"}],"wp:term":[{"taxonomy":"category","embeddable":true,"href":"https:\/\/www.diarioimagen.net\/index.php?rest_route=%2Fwp%2Fv2%2Fcategories&post=369514"},{"taxonomy":"post_tag","embeddable":true,"href":"https:\/\/www.diarioimagen.net\/index.php?rest_route=%2Fwp%2Fv2%2Ftags&post=369514"}],"curies":[{"name":"wp","href":"https:\/\/api.w.org\/{rel}","templated":true}]}}