{"id":369597,"date":"2018-03-26T00:07:16","date_gmt":"2018-03-26T06:07:16","guid":{"rendered":"http:\/\/www.diarioimagen.net\/?p=369597"},"modified":"2018-03-27T00:03:53","modified_gmt":"2018-03-27T06:03:53","slug":"salario-rosa-apoya-el-desarrollo-de-las-familias-mexiquenses-alfredo-del-mazo","status":"publish","type":"post","link":"https:\/\/www.diarioimagen.net\/?p=369597","title":{"rendered":"Del\u2008Mazo: Salario rosa apoya el desarrollo de mexiquenses"},"content":{"rendered":"<ul>\n<li><strong><em>Entregan tarjetas en Metepec, Chapultepec y Mexicaltzingo<\/em><\/strong><\/li>\n<li><strong><em>Reconocimiento a la entrega y dedicaci\u00f3n de las amas de casa<\/em><\/strong><\/li>\n<\/ul>\n<p>&nbsp;<\/p>\n<div id=\"attachment_369598\" style=\"width: 470px\" class=\"wp-caption aligncenter\"><img loading=\"lazy\" decoding=\"async\" aria-describedby=\"caption-attachment-369598\" class=\"wp-image-369598 size-large\" src=\"http:\/\/www.diarioimagen.net\/wp-content\/uploads\/2018\/03\/DEL-MAZO26-PORTAL-460x268.jpg\" alt=\"\" width=\"460\" height=\"268\" srcset=\"https:\/\/www.diarioimagen.net\/wp-content\/uploads\/2018\/03\/DEL-MAZO26-PORTAL-460x268.jpg 460w, https:\/\/www.diarioimagen.net\/wp-content\/uploads\/2018\/03\/DEL-MAZO26-PORTAL-240x140.jpg 240w, https:\/\/www.diarioimagen.net\/wp-content\/uploads\/2018\/03\/DEL-MAZO26-PORTAL.jpg 480w\" sizes=\"auto, (max-width: 460px) 100vw, 460px\" \/><p id=\"caption-attachment-369598\" class=\"wp-caption-text\">El gobernador Alfredo Del Mazo Maza entreg\u00f3 tarjetas del salario rosa lleg\u00f3 a las amas de casa de Metepec, Chapultepec, Mexicaltzingo y San Mateo Atenco.<\/p><\/div>\n<p>&nbsp;<\/p>\n<p><strong>Metepec, Estado de M\u00e9xico<\/strong>.- El Salario Rosa lleg\u00f3 a las amas de casa de Metepec, Chapultepec, Mexicaltzingo y San Mateo Atenco, donde el gobernador Alfredo Del Mazo Maza se\u00f1al\u00f3 que este programa es un reconocimiento a la entrega y dedicaci\u00f3n que realizan diariamente para sacar adelante a sus familias y mantenerlas unidas.<\/p>\n<p>En este sentido, indic\u00f3 que la labor realizada por las amas de casa mexiquenses, no hab\u00eda sido reconocida y, ahora, con el pago de 2 mil 400 pesos que recibir\u00e1n cada dos meses, podr\u00e1n aportar recursos adicionales a sus hogares, para apoyar el desarrollo de los integrantes de sus familias.<\/p>\n<p>\u201cUstedes todos los d\u00edas se esfuerzan por sacar adelante a su familia, y ese esfuerzo, ese trabajo que hacen como amas de casa, no se les hab\u00eda reconocido y por eso, el d\u00eda de hoy venimos a darles las gracias y a reconocer a las amas de casa por el trabajo que todos los d\u00edas hacen para sacar adelante a su familia con gran entrega, con gran coraz\u00f3n, con mucha dedicaci\u00f3n.<\/p>\n<p>\u201cHoy hacemos realidad una promesa que le hicimos a las mujeres mexiquenses,\u00a0 una promesa de reconocer el gran trabajo, la gran labor, la entrega que hacen todos los d\u00edas las amas de casa, por eso, el d\u00eda de hoy venimos a cumplirles y hacer realidad el Salario Rosa, para ustedes, para las amas de casa que siempre se entregan por su familia\u201d, expres\u00f3.<\/p>\n<p>El gobernador del Estado de M\u00e9xico afirm\u00f3 que las amas de casa beneficiadas con el Salario Rosa tienen una historia de vida en la que hacen todo lo necesario para que sus hijos, esposos y padres salgan adelante, sacrificando su desarrollo personal, por lo que agradeci\u00f3 el trabajo que llevan a cabo los siete d\u00edas de la semana, las 24 horas del d\u00eda.<\/p>\n<p>Asimismo, reconoci\u00f3 el que las amas de casa del Salario Rosa, piensen en invertir los recursos que recibir\u00e1n a trav\u00e9s de este programa, en sus hijos, principalmente.<\/p>\n<p>Del Mazo Maza puntualiz\u00f3 que este programa de desarrollo social ser\u00e1 permanente e invit\u00f3 a las beneficiarias a convertirse en voceras del Salario Rosa, para que m\u00e1s mujeres mexiquenses lo conozcan y sepan que es una realidad en el Estado de M\u00e9xico.<\/p>\n<p>\u201cD\u00edganles que el Salario Rosa ya lleg\u00f3, que estamos empezando, que \u00e9sta es una primera etapa en donde vamos a llegar, primero que nada, a las amas de casa que m\u00e1s lo necesitan, que estamos llegando a las amas de casa que m\u00e1s necesitan y de ah\u00ed para adelante vamos a seguir creciendo, para que ustedes tengan este programa que les ayude para ustedes y para sus familias\u201d, manifest\u00f3.<\/p>\n<p>El mandatario estatal tambi\u00e9n explic\u00f3 que a trav\u00e9s del Salario Rosa, las mujeres podr\u00e1n terminar sus estudios, aprender alg\u00fan arte u oficio, adem\u00e1s de emprender un proyecto productivo.<\/p>\n<p>Por su parte, el secretario de Desarrollo Social, Eric Sevilla Montes de Oca, manifest\u00f3 que con la puesta en operaci\u00f3n del programa Salario Rosa, se cumple con el principio constitucional de\u00a0 atender a quienes m\u00e1s lo necesitan y mejorar la igualdad en la entidad, adem\u00e1s de empoderar a las mujeres mexiquenses.<\/p>\n","protected":false},"excerpt":{"rendered":"<p>El Salario Rosa lleg\u00f3 a las amas de casa de Metepec, Chapultepec, Mexicaltzingo y San Mateo Atenco, donde el gobernador Alfredo Del Mazo Maza se\u00f1al\u00f3 que este programa es un reconocimiento a la entrega y dedicaci\u00f3n que realizan diariamente para sacar adelante a sus familias y mantenerlas unidas.<\/p>\n","protected":false},"author":5,"featured_media":369598,"comment_status":"open","ping_status":"open","sticky":false,"template":"","format":"standard","meta":{"_monsterinsights_skip_tracking":false,"_monsterinsights_sitenote_active":false,"_monsterinsights_sitenote_note":"","_monsterinsights_sitenote_category":0,"footnotes":""},"categories":[5],"tags":[1825,43675,876,2779,65841],"class_list":["post-369597","post","type-post","status-publish","format-standard","has-post-thumbnail","hentry","category-estado-de-mexico","tag-chapultepec","tag-estado-de-mexico","tag-metepec","tag-mexicaltzingo","tag-salario-rosa"],"_links":{"self":[{"href":"https:\/\/www.diarioimagen.net\/index.php?rest_route=\/wp\/v2\/posts\/369597","targetHints":{"allow":["GET"]}}],"collection":[{"href":"https:\/\/www.diarioimagen.net\/index.php?rest_route=\/wp\/v2\/posts"}],"about":[{"href":"https:\/\/www.diarioimagen.net\/index.php?rest_route=\/wp\/v2\/types\/post"}],"author":[{"embeddable":true,"href":"https:\/\/www.diarioimagen.net\/index.php?rest_route=\/wp\/v2\/users\/5"}],"replies":[{"embeddable":true,"href":"https:\/\/www.diarioimagen.net\/index.php?rest_route=%2Fwp%2Fv2%2Fcomments&post=369597"}],"version-history":[{"count":0,"href":"https:\/\/www.diarioimagen.net\/index.php?rest_route=\/wp\/v2\/posts\/369597\/revisions"}],"wp:featuredmedia":[{"embeddable":true,"href":"https:\/\/www.diarioimagen.net\/index.php?rest_route=\/wp\/v2\/media\/369598"}],"wp:attachment":[{"href":"https:\/\/www.diarioimagen.net\/index.php?rest_route=%2Fwp%2Fv2%2Fmedia&parent=369597"}],"wp:term":[{"taxonomy":"category","embeddable":true,"href":"https:\/\/www.diarioimagen.net\/index.php?rest_route=%2Fwp%2Fv2%2Fcategories&post=369597"},{"taxonomy":"post_tag","embeddable":true,"href":"https:\/\/www.diarioimagen.net\/index.php?rest_route=%2Fwp%2Fv2%2Ftags&post=369597"}],"curies":[{"name":"wp","href":"https:\/\/api.w.org\/{rel}","templated":true}]}}