{"id":369659,"date":"2018-03-26T00:09:14","date_gmt":"2018-03-26T06:09:14","guid":{"rendered":"http:\/\/www.diarioimagen.net\/?p=369659"},"modified":"2018-03-26T04:44:22","modified_gmt":"2018-03-26T10:44:22","slug":"mancera-pone-en-marcha-una-planta-potabilizadora","status":"publish","type":"post","link":"https:\/\/www.diarioimagen.net\/?p=369659","title":{"rendered":"Mancera pone en marcha una planta potabilizadora"},"content":{"rendered":"<ul>\n<li><strong><em>Para reforzar el abasto de agua en V. Carranza<\/em><\/strong><\/li>\n<\/ul>\n<p>&nbsp;<\/p>\n<p>&nbsp;<\/p>\n<div id=\"attachment_369742\" style=\"width: 470px\" class=\"wp-caption aligncenter\"><a href=\"http:\/\/www.diarioimagen.net\/?attachment_id=369742\" rel=\"attachment wp-att-369742\"><img loading=\"lazy\" decoding=\"async\" aria-describedby=\"caption-attachment-369742\" class=\"size-large wp-image-369742\" src=\"http:\/\/www.diarioimagen.net\/wp-content\/uploads\/2018\/03\/mancera-3334-460x306.jpg\" alt=\"\" width=\"460\" height=\"306\" srcset=\"https:\/\/www.diarioimagen.net\/wp-content\/uploads\/2018\/03\/mancera-3334-460x306.jpg 460w, https:\/\/www.diarioimagen.net\/wp-content\/uploads\/2018\/03\/mancera-3334-240x159.jpg 240w, https:\/\/www.diarioimagen.net\/wp-content\/uploads\/2018\/03\/mancera-3334.jpg 700w\" sizes=\"auto, (max-width: 460px) 100vw, 460px\" \/><\/a><p id=\"caption-attachment-369742\" class=\"wp-caption-text\">Con capacidad de 4.32 millones de litros por d\u00eda fortalece el caudal del Acueducto Chalco-Xochimilco.<\/p><\/div>\n<p>A fin de forzar el suministro de agua potable en las colonias Pensador Mexicano y Pe\u00f1\u00f3n de los Ba\u00f1os, el gobierno de la Ciudad de M\u00e9xico puso en marcha la operaci\u00f3n de un pozo y una planta potabilizadora en la delegaci\u00f3n Venustiano Carranza.<\/p>\n<p>Ambas obras hidr\u00e1ulicas, que se ubican en avenida Tahel y calle Ruiz Cortines, representan un beneficio para cerca de 50 mil habitantes y se concretaron con una inversi\u00f3n de 60.5 millones de pesos a trav\u00e9s del Sistema de Aguas (Sacmex).<\/p>\n<p>Durante su visita al sitio ayer, el jefe de gobierno, Miguel \u00c1ngel Mancera Espinosa, explic\u00f3 que el complejo tiene una capacidad de bombeo de 5.8 millones de litros de agua diarios, un promedio de 50 litros por segundo.<\/p>\n<p>\u201cTodo el equipo que estamos entregando es nuevo, de \u00faltima tecnolog\u00eda; el agua va a llegar a donde tiene que llegar (&#8230;) son muchos de los reclamos que durante mucho tiempo padeci\u00f3 la Ciudad de M\u00e9xico\u201d, subray\u00f3.<\/p>\n<p>En compa\u00f1\u00eda del titular del sistema de Aguas de la Ciudad de M\u00e9xico, Ram\u00f3n Aguirre D\u00edaz, el mandatario capitalino mostr\u00f3 las instalaciones y el equipo con que se potabiliza el agua, con elementos de alta tecnolog\u00eda, como una torre de enfriamiento y componentes de oxidaci\u00f3n, filtros a presi\u00f3n, micro filtraci\u00f3n, \u00f3smosis inversa y desinfecci\u00f3n, entre otros.<\/p>\n<p>Destac\u00f3 que gracias a esos mecanismos, es posible la remoci\u00f3n de sales, fierro y magnesio, as\u00f3 como turbiedad del agua que llega al complejo para ser potabilizada, as\u00ed como la eliminaci\u00f3n de s\u00f3lidos suspendidos, disueltos totales, los mayores a una micra y control de temperatura.<\/p>\n<p>\u201cEs necesario que utilicemos una torre de enfriamiento porque el agua viene con una temperatura alta, 30 grados arriba del par\u00e1metro de consumo humano\u201d.<\/p>\n<p>Al t\u00e9rmino del recorrido, Mancera Espinosa dio el botonazo de arranque a la operaci\u00f3n del complejo.<\/p>\n<p>Para la renovaci\u00f3n del pozo y la planta de bombeo fue necesario demoler estructuras existentes para luego dar paso a la excavaci\u00f3n de cimentaci\u00f3n para tanques, as\u00ed como construir las plataformas del sistema de bombeo y los edificios de control de motores y oficinas.<\/p>\n","protected":false},"excerpt":{"rendered":"<p>A fin de forzar el suministro de agua potable en las colonias Pensador Mexicano y Pe\u00f1\u00f3n de los Ba\u00f1os, el gobierno de la Ciudad de M\u00e9xico puso en marcha la operaci\u00f3n de un pozo y una planta potabilizadora en la delegaci\u00f3n Venustiano Carranza.<\/p>\n","protected":false},"author":3,"featured_media":369742,"comment_status":"open","ping_status":"open","sticky":false,"template":"","format":"standard","meta":{"_monsterinsights_skip_tracking":false,"_monsterinsights_sitenote_active":false,"_monsterinsights_sitenote_note":"","_monsterinsights_sitenote_category":0,"footnotes":""},"categories":[6],"tags":[2773,204,72100],"class_list":["post-369659","post","type-post","status-publish","format-standard","has-post-thumbnail","hentry","category-cd-de-mexico","tag-agua-potable","tag-ciudad-de-mexico","tag-planta-potabilizadora"],"_links":{"self":[{"href":"https:\/\/www.diarioimagen.net\/index.php?rest_route=\/wp\/v2\/posts\/369659","targetHints":{"allow":["GET"]}}],"collection":[{"href":"https:\/\/www.diarioimagen.net\/index.php?rest_route=\/wp\/v2\/posts"}],"about":[{"href":"https:\/\/www.diarioimagen.net\/index.php?rest_route=\/wp\/v2\/types\/post"}],"author":[{"embeddable":true,"href":"https:\/\/www.diarioimagen.net\/index.php?rest_route=\/wp\/v2\/users\/3"}],"replies":[{"embeddable":true,"href":"https:\/\/www.diarioimagen.net\/index.php?rest_route=%2Fwp%2Fv2%2Fcomments&post=369659"}],"version-history":[{"count":0,"href":"https:\/\/www.diarioimagen.net\/index.php?rest_route=\/wp\/v2\/posts\/369659\/revisions"}],"wp:featuredmedia":[{"embeddable":true,"href":"https:\/\/www.diarioimagen.net\/index.php?rest_route=\/wp\/v2\/media\/369742"}],"wp:attachment":[{"href":"https:\/\/www.diarioimagen.net\/index.php?rest_route=%2Fwp%2Fv2%2Fmedia&parent=369659"}],"wp:term":[{"taxonomy":"category","embeddable":true,"href":"https:\/\/www.diarioimagen.net\/index.php?rest_route=%2Fwp%2Fv2%2Fcategories&post=369659"},{"taxonomy":"post_tag","embeddable":true,"href":"https:\/\/www.diarioimagen.net\/index.php?rest_route=%2Fwp%2Fv2%2Ftags&post=369659"}],"curies":[{"name":"wp","href":"https:\/\/api.w.org\/{rel}","templated":true}]}}