{"id":369707,"date":"2018-03-26T00:00:38","date_gmt":"2018-03-26T06:00:38","guid":{"rendered":"http:\/\/www.diarioimagen.net\/?p=369707"},"modified":"2018-03-26T01:29:18","modified_gmt":"2018-03-26T07:29:18","slug":"mancera-esta-que-se-va","status":"publish","type":"post","link":"https:\/\/www.diarioimagen.net\/?p=369707","title":{"rendered":"Mancera est\u00e1 que se va&#8230;"},"content":{"rendered":"<h2>La Retaguardia<\/h2>\n<h5>Adriana Moreno Cordero<\/h5>\n<p>&nbsp;<\/p>\n<ul>\n<li><em><strong>Acuerdos y equilibrio entre todas las fuerzas pol\u00edticas<\/strong><\/em><\/li>\n<\/ul>\n<p><strong>\u00a0<\/strong><\/p>\n<p>El jefe de gobierno de la Ciudad de M\u00e9xico, <strong>Miguel \u00c1ngel Mancera<\/strong>, pedir\u00e1 en breve, licencia de 90 d\u00edas al cargo y ser\u00e1 el secretario de Gobierno, <strong>Jos\u00e9 Ram\u00f3n Amieva<\/strong>, quien se quedar\u00e1 como encargado del despacho.<\/p>\n<p>No obstante, anunci\u00f3 que tiene hasta el \u00faltimo d\u00eda del mes y mientras ese momento llega, seguir\u00e1 trabajando, entregando obra y sobre todo, supervisando los trabajos de la reconstrucci\u00f3n, luego de los sismos de septiembre del a\u00f1o pasado.<\/p>\n<p>Curiosamente, esta segunda ocasi\u00f3n en la que el jefe del Gobierno capitalino deja ver que se ir\u00e1 del Antiguo Palacio del Ayuntamiento, tambi\u00e9n tembl\u00f3 pero afortunadamente, de manera leve.<\/p>\n<p>Adem\u00e1s, seg\u00fan se sabe, antes de irse, Mancera sostendr\u00e1 una reuni\u00f3n con el candidato presidencial de la coalici\u00f3n \u201cPor M\u00e9xico al Frente\u201d, <strong>Ricardo Anaya<\/strong>.<\/p>\n<p>Lo cierto es que con este nuevo paso, Mancera sigue un camino que se plante\u00f3 all\u00e1 por el 2016, cuando comenz\u00f3 a dar vida al tema del cuarto polo, que tiene como idea central, una candidatura apoyada por independientes, pero sustentada en la estructura de los partidos pol\u00edticos, es decir, la tesis del jefe del gobierno capitalino, plantea acuerdos a largo plazo y equilibrio entre todas las fuerzas pol\u00edticas.<\/p>\n<p>De tal forma y ante el desgaste de los partidos, el cuarto polo tiene como prioridad el voto por el candidato, y en este sentido, Mancera fue el primero en proponer la construcci\u00f3n de un Frente con partidos como el propio PRD y Movimiento Ciudadano, as\u00ed como el gobierno de coalici\u00f3n, en el que cre\u00e9 firmemente y lo considera una v\u00eda para llevar a los mexicanos a un mejor nivel de vida.<\/p>\n<p>Y respecto a la competencia por el gobierno de la CDMX, por cierto, ayer, el pri\u00edsta <strong>Mikel Arriola<\/strong> habl\u00f3 de nueva cuenta de la flamante candidata de Morena a esa misma posici\u00f3n, <strong>Claudia Sheinbaum<\/strong> y record\u00f3 las presuntas irregularidades que habr\u00eda cometido en la construcci\u00f3n del Segundo piso, mismo que tuvo un costo de 2 mil 200 millones de pesos, cuando lo que debi\u00f3 haber costado es mil 300 millones de pesos.<\/p>\n<p>Desde ah\u00ed habr\u00edan empezado las, digamos, maniobras de una de las mujeres m\u00e1s cercanas a <strong>Andr\u00e9s Manuel L\u00f3pez Obrador<\/strong>.<\/p>\n<p>Ya como delegada en Tlalpan, es bien sabido que no actu\u00f3 a tiempo ante la tragedia del Colegio \u201cEnrique R\u00e9bsamen\u201d; incluso, cuando el pasado 19 de marzo se record\u00f3 los seis meses del sismo del pasado 19 de septiembre y los afectados salieron a manifestarse y a demandar tener una vivienda digna, la morenista \u201cni p\u00edo\u201d dijo, pues teme que la asocien nuevamente con la se\u00f1alada tragedia pero eso es algo, que dif\u00edcilmente podr\u00e1n olvidar quienes lo perdieron todo.<\/p>\n<p>En este sentido, otro dolor de cabeza m\u00e1s para la Sheinbaum, es cuando se volvi\u00f3 viral en las redes sociales el video en el que se ve a su ex marido <strong>Carlos Imaz Guizpert<\/strong> recibiendo dinero de manos del argentino de triste memoria<strong>, Carlos Ahumada<\/strong>.<\/p>\n<p>Claro que pudo haber dicho que no se trata de ella, pero acaso no podr\u00e1 asegurar que no estaba enterada del famoso y recordado esc\u00e1ndalo del \u201cSe\u00f1or de las Ligas\u201d en la que su ex esposo se vio tan involucrado.<\/p>\n<p style=\"text-align: center;\"><strong>Municiones<\/strong><\/p>\n<p>*** El director del INFONAVIT, <strong>David Penchyna<\/strong>, anunci\u00f3 un ambicioso programa denominado \u201cInfonavit Digital\u201d, que es uno de los principales productos de la estrategia integral de mejora del servicio. Se trata a que por medio de datos biom\u00e9tricos, huellas digitales, iris y voz, se agilizar\u00e1n tr\u00e1mites del Instituto, no solo para estar a la vanguardia, sino para transformar la vida de m\u00e1s de 60 millones de derechohabientes, para que la distancia y el tiempo no sea una barrera para tener un servicio de excelencia.<\/p>\n<p>Para ello, se decidi\u00f3 hacer una renovaci\u00f3n a fondo del portal institucional, con el objetivo de facilitar el acceso a las precalificaciones de cr\u00e9dito desde cualquier dispositivo m\u00f3vil. Asimismo, se determin\u00f3 generar una aplicaci\u00f3n que permita consultar informaci\u00f3n y hacer tr\u00e1mites desde sus dispositivos m\u00f3viles, usando autentificaci\u00f3n basada en caracter\u00edsticas biom\u00e9tricas, reconocimiento facial, con los candados suficientes para que solo pueda acceder el derechohabiente indicado.<\/p>\n<p>*** Con la espada completamente desenvainada, Ricardo Anaya opin\u00f3 que las listas pri\u00edstas de los candidatos al Congreso de la Uni\u00f3n, \u201cse parece un poco el Arca de No\u00e9: se est\u00e1n preparando para el diluvio. Al estar claro que van ya en un lejano tercer lugar, pareciera que es el equipo m\u00e1s cercano el que\u00a0 est\u00e1, a trav\u00e9s de las plurinominales, buscando salvarse.\u201d<\/p>\n<p>Independientemente de los dichos del ex dirigente del PAN, que por cierto tambi\u00e9n est\u00e1 en lo cierto es que hay mucho descontento en las filas del Revolucionario Institucional por las formas que sigui\u00f3 la c\u00fapula de ese instituto pol\u00edtico cuando palome\u00f3 sus listas, y no permitieron el acceso a nadie a la sede nacional del tricolor y a hurtadillas, se fueron a Toluca.<\/p>\n<p>Aqu\u00ed el problema para los pri\u00edstas es: \u00bfa d\u00f3nde se ir\u00e1 el voto de estos militantes inconformes? Tambi\u00e9n se habla mucho de que su candidato, <strong>Jos\u00e9 Antonio Meade<\/strong>, pr\u00e1cticamente estuvo maniatado para poner a su gente en dichas listas, prevaleciendo el equipo del presidente Enrique Pe\u00f1a, lo que se supone que generar\u00e1 mucha m\u00e1s inconformidad. \u00bfSer\u00e1?<\/p>\n<p><a href=\"mailto:morcora@gmail.com\" target=\"_blank\" rel=\"noopener\"><em>morcora@gmail.com<\/em><\/a><\/p>\n","protected":false},"excerpt":{"rendered":"<p><span style=\"color: #005497;\"><strong>Adriana Moreno Cordero<\/strong><\/span><\/p>\n","protected":false},"author":3,"featured_media":0,"comment_status":"open","ping_status":"open","sticky":false,"template":"","format":"standard","meta":{"_monsterinsights_skip_tracking":false,"_monsterinsights_sitenote_active":false,"_monsterinsights_sitenote_note":"","_monsterinsights_sitenote_category":0,"footnotes":""},"categories":[69370],"tags":[69369,69368,43674],"class_list":["post-369707","post","type-post","status-publish","format-standard","hentry","category-adriana-moreno-cordero","tag-adriana-moreno-cordero","tag-la-retaguardia","tag-opinion"],"_links":{"self":[{"href":"https:\/\/www.diarioimagen.net\/index.php?rest_route=\/wp\/v2\/posts\/369707","targetHints":{"allow":["GET"]}}],"collection":[{"href":"https:\/\/www.diarioimagen.net\/index.php?rest_route=\/wp\/v2\/posts"}],"about":[{"href":"https:\/\/www.diarioimagen.net\/index.php?rest_route=\/wp\/v2\/types\/post"}],"author":[{"embeddable":true,"href":"https:\/\/www.diarioimagen.net\/index.php?rest_route=\/wp\/v2\/users\/3"}],"replies":[{"embeddable":true,"href":"https:\/\/www.diarioimagen.net\/index.php?rest_route=%2Fwp%2Fv2%2Fcomments&post=369707"}],"version-history":[{"count":0,"href":"https:\/\/www.diarioimagen.net\/index.php?rest_route=\/wp\/v2\/posts\/369707\/revisions"}],"wp:attachment":[{"href":"https:\/\/www.diarioimagen.net\/index.php?rest_route=%2Fwp%2Fv2%2Fmedia&parent=369707"}],"wp:term":[{"taxonomy":"category","embeddable":true,"href":"https:\/\/www.diarioimagen.net\/index.php?rest_route=%2Fwp%2Fv2%2Fcategories&post=369707"},{"taxonomy":"post_tag","embeddable":true,"href":"https:\/\/www.diarioimagen.net\/index.php?rest_route=%2Fwp%2Fv2%2Ftags&post=369707"}],"curies":[{"name":"wp","href":"https:\/\/api.w.org\/{rel}","templated":true}]}}