{"id":369717,"date":"2018-03-26T00:05:53","date_gmt":"2018-03-26T06:05:53","guid":{"rendered":"http:\/\/www.diarioimagen.net\/?p=369717"},"modified":"2018-03-26T01:49:36","modified_gmt":"2018-03-26T07:49:36","slug":"estado-de-derecho","status":"publish","type":"post","link":"https:\/\/www.diarioimagen.net\/?p=369717","title":{"rendered":"Estado de Derecho"},"content":{"rendered":"<h2>Desde el portal<\/h2>\n<h5>\u00c1ngel Soriano<\/h5>\n<p>&nbsp;<\/p>\n<p>La ley no se discute ni es motivo de mesa de an\u00e1lisis, los contratos se cumplen, afirm\u00f3 el ex secretario de Hacienda y candidato presidencial pri\u00edsta, Jos\u00e9 Antonio Meade, ante el acuerdo del tabasque\u00f1o Andr\u00e9s Manuel L\u00f3pez Obrador con una parte del sector privado para analizar otras alternativas para la construcci\u00f3n del Aeropuerto Internacional de la Ciudad de M\u00e9xico.<\/p>\n<p>Seg\u00fan lo establecido en Guadalajara durante el Congreso de la C\u00e1mara Mexicana de la Industria de la Construcci\u00f3n, cinco representantes de Morena y cinco del sector privado establecer\u00edan una mesa de an\u00e1lisis para el tema, toda vez que el tres veces abanderado presidencial considera inviable los terrenos de Texcoco para el NAIM.<\/p>\n<p>Adem\u00e1s, afirma que en la magna obra, m\u00e1s que beneficiar al pa\u00eds, es un colosal negocio, pues se pueden reducir costos y hacer una obra m\u00e1s rentable y segura, y no en esos terrenos fangosos que, cualquier persona sin una formaci\u00f3n acad\u00e9mica de alto nivel o experto en aeron\u00e1utica, desecha pues el asentamiento es irregular.<\/p>\n<p>Meade a su vez asegura que\u00a0 la obra continuar\u00e1 y se respetar\u00e1n los tiempos y los t\u00e9rminos de los contratos; a su vez, el candidato presidencial del PAN, Ricardo Anaya, se\u00f1ala que los empresarios no son autoridad ni tienen facultades para cancelar o decidir las obras planeadas por el Estado.<\/p>\n<p>De hecho y de derecho, la propuesta del tabasque\u00f1o es inviable, como su sugerencia de llevar el NAIM a la base militar de Santa Luc\u00eda.<\/p>\n<p style=\"text-align: center;\"><strong>TURBULENCIAS<br \/>\nArrecia enfrentamiento <\/strong><strong>en Oaxaca<\/strong><\/p>\n<p>El ex gobernador Ulises Ruiz eligi\u00f3 la conmemoraci\u00f3n del 24 aniversario del sacrificio del sonorense, Luis Donaldo Colosio, para arremeter en contra del presidente de dicha Fundaci\u00f3n, el ex gobernador oaxaque\u00f1o Jos\u00e9 Murat, quien \u201cfue expulsado del cuarto de guerra de Meade y vetado en las listas de candidatos a diputados federales y senadores\u201d.<\/p>\n<p>URO, como se le conoce en Oaxaca, adem\u00e1s censura las \u201cfrivolidades\u201d de los juniors de Toluca que han sentado sus reales en la entidad y utilizan edificios hist\u00f3ricos de gran valor arquitect\u00f3nico y cultural, que forman parte del patrimonio nacional, como el ex convento de Cuilapan, para sus fiestas privadas. Anunci\u00f3 tambi\u00e9n que demandar\u00e1 en la PGR al defensor de los derechos humanos del pueblo de Oaxaca, Arturo Peimbet, para que explique el origen de su fortuna. Todo esto en las redes sociales donde se lanza contra Murat padre e hijo a quienes responsabiliza de que \u201cel PRI en Oaxaca va en picada, ocupa ya el tercer lugar\u201d\u2026Revisar el estado general del veh\u00edculo en el que van a viajar recomienda la SCyT a quienes salen de vacaciones con motivo de Semana Santa y pide conservar el comprobante de pago en las casetas de peaje que garantiza el seguro contra accidentes. Los d\u00edas de asueto comprenden del domingo 25 de marzo al domingo 1 de abril\u2026La cultura de la transparencia, la rendici\u00f3n de cuentas y el acceso a la informaci\u00f3n p\u00fablica\u00a0 es fundamental para el funcionamiento del estado democr\u00e1tico, afirm\u00f3 el presidente de la Junta de Coordinaci\u00f3n Pol\u00edtica de la 59 Legislatura mexiquense, Miguel S\u00e1mano luego de designar y tomar protesta a Gerardo Mart\u00ednez Ortiz como presidente del Comit\u00e9 de Transparencia del Poder Legislativo, en Toluca\u2026<\/p>\n<p><em><a href=\"http:\/\/www.revista-brecha.com\/\" target=\"_blank\" rel=\"noopener\">www.revista-brecha.com<br \/>\n<\/a><a href=\"mailto:asorianodesdelportalo@hotmail.com\" target=\"_blank\" rel=\"noopener\">asorianodesdelportalo@hotmail.com<\/a><\/em><\/p>\n","protected":false},"excerpt":{"rendered":"<p><span style=\"color: #005497;\"><strong>\u00c1ngel Soriano<\/strong><\/span><\/p>\n","protected":false},"author":3,"featured_media":0,"comment_status":"open","ping_status":"open","sticky":false,"template":"","format":"standard","meta":{"_monsterinsights_skip_tracking":false,"_monsterinsights_sitenote_active":false,"_monsterinsights_sitenote_note":"","_monsterinsights_sitenote_category":0,"footnotes":""},"categories":[135],"tags":[85,86,43674],"class_list":["post-369717","post","type-post","status-publish","format-standard","hentry","category-angel-soriano-opinion","tag-angel-soriano","tag-desde-el-portal","tag-opinion"],"_links":{"self":[{"href":"https:\/\/www.diarioimagen.net\/index.php?rest_route=\/wp\/v2\/posts\/369717","targetHints":{"allow":["GET"]}}],"collection":[{"href":"https:\/\/www.diarioimagen.net\/index.php?rest_route=\/wp\/v2\/posts"}],"about":[{"href":"https:\/\/www.diarioimagen.net\/index.php?rest_route=\/wp\/v2\/types\/post"}],"author":[{"embeddable":true,"href":"https:\/\/www.diarioimagen.net\/index.php?rest_route=\/wp\/v2\/users\/3"}],"replies":[{"embeddable":true,"href":"https:\/\/www.diarioimagen.net\/index.php?rest_route=%2Fwp%2Fv2%2Fcomments&post=369717"}],"version-history":[{"count":0,"href":"https:\/\/www.diarioimagen.net\/index.php?rest_route=\/wp\/v2\/posts\/369717\/revisions"}],"wp:attachment":[{"href":"https:\/\/www.diarioimagen.net\/index.php?rest_route=%2Fwp%2Fv2%2Fmedia&parent=369717"}],"wp:term":[{"taxonomy":"category","embeddable":true,"href":"https:\/\/www.diarioimagen.net\/index.php?rest_route=%2Fwp%2Fv2%2Fcategories&post=369717"},{"taxonomy":"post_tag","embeddable":true,"href":"https:\/\/www.diarioimagen.net\/index.php?rest_route=%2Fwp%2Fv2%2Ftags&post=369717"}],"curies":[{"name":"wp","href":"https:\/\/api.w.org\/{rel}","templated":true}]}}