{"id":369815,"date":"2018-03-27T00:10:35","date_gmt":"2018-03-27T06:10:35","guid":{"rendered":"http:\/\/www.diarioimagen.net\/?p=369815"},"modified":"2018-03-27T04:55:27","modified_gmt":"2018-03-27T10:55:27","slug":"equipan-al-100-de-autobuses-m1-con-camaras-de-seguridad","status":"publish","type":"post","link":"https:\/\/www.diarioimagen.net\/?p=369815","title":{"rendered":"Equipan al 100% de autobuses M1 con c\u00e1maras de seguridad"},"content":{"rendered":"<ul>\n<li><em><strong>Para garantizar un servicio eficiente, barato y seguro<\/strong><\/em><\/li>\n<\/ul>\n<p>&nbsp;<\/p>\n<div id=\"attachment_369816\" style=\"width: 470px\" class=\"wp-caption aligncenter\"><img loading=\"lazy\" decoding=\"async\" aria-describedby=\"caption-attachment-369816\" class=\"size-large wp-image-369816\" src=\"http:\/\/www.diarioimagen.net\/wp-content\/uploads\/2018\/03\/AUTOBUSES27ok-PORTAL-460x268.jpg\" alt=\"\" width=\"460\" height=\"268\" srcset=\"https:\/\/www.diarioimagen.net\/wp-content\/uploads\/2018\/03\/AUTOBUSES27ok-PORTAL-460x268.jpg 460w, https:\/\/www.diarioimagen.net\/wp-content\/uploads\/2018\/03\/AUTOBUSES27ok-PORTAL-240x140.jpg 240w, https:\/\/www.diarioimagen.net\/wp-content\/uploads\/2018\/03\/AUTOBUSES27ok-PORTAL.jpg 480w\" sizes=\"auto, (max-width: 460px) 100vw, 460px\" \/><p id=\"caption-attachment-369816\" class=\"wp-caption-text\">Las 861 unidades que circulan a diario por la CMDX est\u00e1n equipadas para garantizar un servicio eficiente, barato y seguro a las m\u00e1s de 400 mil personas.<\/p><\/div>\n<p>&nbsp;<\/p>\n<p>El sistema de Movilidad 1 (M1) equip\u00f3 la totalidad de autobuses modelos 2006 y 2009 con c\u00e1maras de vigilancia al interior de las unidades, ya que eran los \u00fanicos que carec\u00edan de esa tecnolog\u00eda.<\/p>\n<p>La directora general del organismo, Laura Itzel Castillo, se\u00f1al\u00f3 que con la implementaci\u00f3n de las c\u00e1maras, las 861 unidades que circulan a diario por la capital del pa\u00eds est\u00e1n equipadas para garantizar un servicio eficiente, barato y seguro a las m\u00e1s de 400 mil personas que abordan el M1 a diario.<\/p>\n<p>Explic\u00f3, en un comunicado, que los autobuses adquiridos por la dependencia a partir de 2014 ya contaban con las c\u00e1maras instaladas, por lo cual desde noviembre de 2017 se inici\u00f3 el proceso para colocar el equipo de vigilancia en 386 veh\u00edculos, modelos 2006 y 2009.<\/p>\n<p>La funcionaria detall\u00f3 que cada autob\u00fas posee tres dispositivos al interior y uno al exterior. El primero capta al conductor y la puerta principal; el segundo, la mitad delantera de la unidad; el tercero; la mitad hacia atr\u00e1s; y el \u00faltimo captura lo que pasa afuera del transporte.<\/p>\n<p>Agreg\u00f3 que las c\u00e1maras tienen la tecnolog\u00eda DVR (Digital Video Recorder), lo que les permite grabar hasta 720 horas y mantener guardadas las im\u00e1genes.<\/p>\n<p>Por \u00faltimo, afirm\u00f3 que en este proyecto se invirtieron 28 millones 907 mil 300 pesos, con el fin de brindar mayor tranquilidad a las personas usuarias.<\/p>\n","protected":false},"excerpt":{"rendered":"<p>El sistema de Movilidad 1 (M1) equip\u00f3 la totalidad de autobuses modelos 2006 y 2009 con c\u00e1maras de vigilancia al interior de las unidades, ya que eran los \u00fanicos que carec\u00edan de esa tecnolog\u00eda.<\/p>\n","protected":false},"author":5,"featured_media":369816,"comment_status":"open","ping_status":"open","sticky":false,"template":"","format":"standard","meta":{"_monsterinsights_skip_tracking":false,"_monsterinsights_sitenote_active":false,"_monsterinsights_sitenote_note":"","_monsterinsights_sitenote_category":0,"footnotes":""},"categories":[6],"tags":[72107,72110,72108,204,72109,72111],"class_list":["post-369815","post","type-post","status-publish","format-standard","has-post-thumbnail","hentry","category-cd-de-mexico","tag-autobuses-m1","tag-barato","tag-camaras-de-seguridad","tag-ciudad-de-mexico","tag-eficiente","tag-laura-itzel-castillo"],"_links":{"self":[{"href":"https:\/\/www.diarioimagen.net\/index.php?rest_route=\/wp\/v2\/posts\/369815","targetHints":{"allow":["GET"]}}],"collection":[{"href":"https:\/\/www.diarioimagen.net\/index.php?rest_route=\/wp\/v2\/posts"}],"about":[{"href":"https:\/\/www.diarioimagen.net\/index.php?rest_route=\/wp\/v2\/types\/post"}],"author":[{"embeddable":true,"href":"https:\/\/www.diarioimagen.net\/index.php?rest_route=\/wp\/v2\/users\/5"}],"replies":[{"embeddable":true,"href":"https:\/\/www.diarioimagen.net\/index.php?rest_route=%2Fwp%2Fv2%2Fcomments&post=369815"}],"version-history":[{"count":0,"href":"https:\/\/www.diarioimagen.net\/index.php?rest_route=\/wp\/v2\/posts\/369815\/revisions"}],"wp:featuredmedia":[{"embeddable":true,"href":"https:\/\/www.diarioimagen.net\/index.php?rest_route=\/wp\/v2\/media\/369816"}],"wp:attachment":[{"href":"https:\/\/www.diarioimagen.net\/index.php?rest_route=%2Fwp%2Fv2%2Fmedia&parent=369815"}],"wp:term":[{"taxonomy":"category","embeddable":true,"href":"https:\/\/www.diarioimagen.net\/index.php?rest_route=%2Fwp%2Fv2%2Fcategories&post=369815"},{"taxonomy":"post_tag","embeddable":true,"href":"https:\/\/www.diarioimagen.net\/index.php?rest_route=%2Fwp%2Fv2%2Ftags&post=369815"}],"curies":[{"name":"wp","href":"https:\/\/api.w.org\/{rel}","templated":true}]}}