{"id":369852,"date":"2018-03-27T00:10:26","date_gmt":"2018-03-27T06:10:26","guid":{"rendered":"http:\/\/www.diarioimagen.net\/?p=369852"},"modified":"2018-03-27T07:11:37","modified_gmt":"2018-03-27T13:11:37","slug":"gran-variedad-de-atractivos-para-turismo-cultural","status":"publish","type":"post","link":"https:\/\/www.diarioimagen.net\/?p=369852","title":{"rendered":"Gran variedad de atractivos para turismo cultural"},"content":{"rendered":"<h2>Arco Norte<\/h2>\n<h5>Jos\u00e9 Luis Monta\u00f1ez Aguilar<\/h5>\n<p>&nbsp;<\/p>\n<p><a href=\"http:\/\/www.diarioimagen.net\/?attachment_id=369968\" rel=\"attachment wp-att-369968\"><img loading=\"lazy\" decoding=\"async\" class=\"aligncenter size-large wp-image-369968\" src=\"http:\/\/www.diarioimagen.net\/wp-content\/uploads\/2018\/03\/arco-3335-460x259.jpg\" alt=\"\" width=\"460\" height=\"259\" srcset=\"https:\/\/www.diarioimagen.net\/wp-content\/uploads\/2018\/03\/arco-3335-460x259.jpg 460w, https:\/\/www.diarioimagen.net\/wp-content\/uploads\/2018\/03\/arco-3335-240x135.jpg 240w, https:\/\/www.diarioimagen.net\/wp-content\/uploads\/2018\/03\/arco-3335-235x132.jpg 235w, https:\/\/www.diarioimagen.net\/wp-content\/uploads\/2018\/03\/arco-3335-202x114.jpg 202w, https:\/\/www.diarioimagen.net\/wp-content\/uploads\/2018\/03\/arco-3335-350x196.jpg 350w, https:\/\/www.diarioimagen.net\/wp-content\/uploads\/2018\/03\/arco-3335-220x123.jpg 220w, https:\/\/www.diarioimagen.net\/wp-content\/uploads\/2018\/03\/arco-3335-237x132.jpg 237w, https:\/\/www.diarioimagen.net\/wp-content\/uploads\/2018\/03\/arco-3335.jpg 480w\" sizes=\"auto, (max-width: 460px) 100vw, 460px\" \/><\/a><\/p>\n<p>&nbsp;<\/p>\n<p>Ex conventos, zonas arqueol\u00f3gicas, museos, festivales y ricas tradiciones, son algunos de los atractivos tur\u00edsticos de corte cultural que ofrece el Estado de M\u00e9xico a quienes visitan su territorio proveniente de distintos puntos del pa\u00eds, se\u00f1al\u00f3 Ana Yolanda Esquivel Jaramillo, directora de Promoci\u00f3n y Comercializaci\u00f3n de la Secretar\u00eda de Turismo estatal.<\/p>\n<p>Coment\u00f3 que la entidad resguarda bellos e importantes edificios hist\u00f3ricos dignos de conocerse, pues en sus muros y sorprendentes decorados se muestra una parte importante de nuestra historia precolombina, colonial y contempor\u00e1nea.<\/p>\n<p>Un claro ejemplo de lo anterior, dijo, son los ex conventos situados al norte de la entidad, como el de San Agust\u00edn, en el Pueblo con Encanto de Acolman, cuya construcci\u00f3n data del siglo XVI.<\/p>\n<p>De igual forma, el emblem\u00e1tico templo de San Francisco Javier en el Pueblo M\u00e1gico de Tepotzotl\u00e1n, es otra obra de gran importancia hist\u00f3rico-religiosa.<\/p>\n<p>Su elaborada fachada, as\u00ed como los impresionantes retablos que decoran la nave principal y, desde luego, los altares, son una magn\u00edfica muestra del estilo barroco novohispano de los siglos XVII y XVIII.<\/p>\n<p>Otro de los sitios de inter\u00e9s cultural para los turistas que visitan la entidad, es el Acueducto del Padre Tembleque, declarado en 2015 Patrimonio de la UNESCO\u00a0 y cuya arquer\u00eda mayor, compuesta por 68 arcos, se asienta en el Pueblo con Encanto de Nopaltepec.<\/p>\n<p style=\"text-align: center;\"><strong>Supera Edomex meta de vacunaci\u00f3n contra influenza<\/strong><\/p>\n<p>Al t\u00e9rmino de la temporada invernal 2017-2018, en el Estado de M\u00e9xico se logr\u00f3 la aplicaci\u00f3n de 2 millones 952 mil vacunas contra influenza, lo que represent\u00f3 un aumento del 23 por ciento con respecto a la meta inicial de vacunaci\u00f3n, que era de 2.4 millones de inmunizaciones.<\/p>\n<p>As\u00ed lo dio a conocer el secretario de Salud, Gabriel O\u2019Shea Cuevas, al presidir la tercera sesi\u00f3n del Gabinete Regional IX Naucalpan.<\/p>\n<p>En la entidad se confirmaron 280 casos de este padecimiento, y el 80 por ciento de los pacientes ya fue dado de alta tras recibir tratamiento con Oseltamivir; sin embargo, nueve registraron complicaciones y derivaron en el fallecimiento de los pacientes.<\/p>\n<p><em><a href=\"mailto:montanezaguilar@gmail.com\" target=\"_blank\" rel=\"noopener noreferrer\">montanezaguilar@gmail.com<\/a><\/em><\/p>\n","protected":false},"excerpt":{"rendered":"<p><span style=\"color: #005497;\">Jos\u00e9 Luis Monta\u00f1ez Aguilar<\/span><br \/>\n<br \/>\nEx conventos, zonas arqueol\u00f3gicas, museos, festivales y ricas tradiciones, son algunos de los atractivos tur\u00edsticos de corte cultural que ofrece el Estado de M\u00e9xico a quienes visitan su territorio proveniente<\/p>\n","protected":false},"author":3,"featured_media":369968,"comment_status":"open","ping_status":"open","sticky":false,"template":"","format":"standard","meta":{"_monsterinsights_skip_tracking":false,"_monsterinsights_sitenote_active":false,"_monsterinsights_sitenote_note":"","_monsterinsights_sitenote_category":0,"footnotes":""},"categories":[5],"tags":[13284,43704,43674],"class_list":["post-369852","post","type-post","status-publish","format-standard","has-post-thumbnail","hentry","category-estado-de-mexico","tag-arco-norte","tag-jose-luis-montanez-aguilar","tag-opinion"],"_links":{"self":[{"href":"https:\/\/www.diarioimagen.net\/index.php?rest_route=\/wp\/v2\/posts\/369852","targetHints":{"allow":["GET"]}}],"collection":[{"href":"https:\/\/www.diarioimagen.net\/index.php?rest_route=\/wp\/v2\/posts"}],"about":[{"href":"https:\/\/www.diarioimagen.net\/index.php?rest_route=\/wp\/v2\/types\/post"}],"author":[{"embeddable":true,"href":"https:\/\/www.diarioimagen.net\/index.php?rest_route=\/wp\/v2\/users\/3"}],"replies":[{"embeddable":true,"href":"https:\/\/www.diarioimagen.net\/index.php?rest_route=%2Fwp%2Fv2%2Fcomments&post=369852"}],"version-history":[{"count":0,"href":"https:\/\/www.diarioimagen.net\/index.php?rest_route=\/wp\/v2\/posts\/369852\/revisions"}],"wp:featuredmedia":[{"embeddable":true,"href":"https:\/\/www.diarioimagen.net\/index.php?rest_route=\/wp\/v2\/media\/369968"}],"wp:attachment":[{"href":"https:\/\/www.diarioimagen.net\/index.php?rest_route=%2Fwp%2Fv2%2Fmedia&parent=369852"}],"wp:term":[{"taxonomy":"category","embeddable":true,"href":"https:\/\/www.diarioimagen.net\/index.php?rest_route=%2Fwp%2Fv2%2Fcategories&post=369852"},{"taxonomy":"post_tag","embeddable":true,"href":"https:\/\/www.diarioimagen.net\/index.php?rest_route=%2Fwp%2Fv2%2Ftags&post=369852"}],"curies":[{"name":"wp","href":"https:\/\/api.w.org\/{rel}","templated":true}]}}