{"id":369893,"date":"2018-03-27T00:06:28","date_gmt":"2018-03-27T06:06:28","guid":{"rendered":"http:\/\/www.diarioimagen.net\/?p=369893"},"modified":"2018-03-27T06:48:44","modified_gmt":"2018-03-27T12:48:44","slug":"inaugura-dif-naucalpan-unidad-de-deteccion-materno-fetal","status":"publish","type":"post","link":"https:\/\/www.diarioimagen.net\/?p=369893","title":{"rendered":"Inaugura DIF Naucalpan \u201cUnidad de Detecci\u00f3n Materno Fetal\u201d"},"content":{"rendered":"<p><a href=\"http:\/\/www.diarioimagen.net\/?attachment_id=369997\" rel=\"attachment wp-att-369997\"><img loading=\"lazy\" decoding=\"async\" class=\"aligncenter size-large wp-image-369997\" src=\"http:\/\/www.diarioimagen.net\/wp-content\/uploads\/2018\/03\/NAUCALPAN-3335-460x259.jpg\" alt=\"\" width=\"460\" height=\"259\" srcset=\"https:\/\/www.diarioimagen.net\/wp-content\/uploads\/2018\/03\/NAUCALPAN-3335-460x259.jpg 460w, https:\/\/www.diarioimagen.net\/wp-content\/uploads\/2018\/03\/NAUCALPAN-3335-240x135.jpg 240w, https:\/\/www.diarioimagen.net\/wp-content\/uploads\/2018\/03\/NAUCALPAN-3335-235x132.jpg 235w, https:\/\/www.diarioimagen.net\/wp-content\/uploads\/2018\/03\/NAUCALPAN-3335-202x114.jpg 202w, https:\/\/www.diarioimagen.net\/wp-content\/uploads\/2018\/03\/NAUCALPAN-3335-350x196.jpg 350w, https:\/\/www.diarioimagen.net\/wp-content\/uploads\/2018\/03\/NAUCALPAN-3335-220x123.jpg 220w, https:\/\/www.diarioimagen.net\/wp-content\/uploads\/2018\/03\/NAUCALPAN-3335-237x132.jpg 237w, https:\/\/www.diarioimagen.net\/wp-content\/uploads\/2018\/03\/NAUCALPAN-3335.jpg 480w\" sizes=\"auto, (max-width: 460px) 100vw, 460px\" \/><\/a><\/p>\n<p>&nbsp;<\/p>\n<p><strong>Naucalpan, Estado de M\u00e9xico.-<\/strong> Sin duda que fue gracias a la comunicaci\u00f3n y disposici\u00f3n de la doctora Karla Trinidad Ju\u00e1rez y a la licenciada Liliana Carbajal de Olvera que este proyecto, trabajo y tenacidad,\u00a0\u00a0tuviera el\u00a0resultado , para que el sistema municipal para el Desarrollo Integral de la Familia (DIF) de esta localidad, pusiera en servicio la\u00a0\u00a0\u201cUnidad en Detecci\u00f3n Materno Fetal\u201d.<\/p>\n<p>Naucalpan es el primer municipio mexiquense que en el primer nivel de atenci\u00f3n, realiza detecci\u00f3n de anomal\u00edas dentro del campo de la medicina fetal. Entrevistada sobre el particular, la doctora Trinidad Ju\u00e1rez, afirm\u00f3 que \u201ces de reconocer la disposici\u00f3n y visi\u00f3n de una mujer sensible y preocupada por buscar dar una mejor calidad de vida a aquellos peque\u00f1os que crecen dentro del vientre materno.<\/p>\n<p>&nbsp;<\/p>\n<p>&nbsp;<\/p>\n","protected":false},"excerpt":{"rendered":"<p>Sin duda que fue gracias a la comunicaci\u00f3n y disposici\u00f3n de la doctora Karla Trinidad Ju\u00e1rez y a la licenciada Liliana Carbajal de Olvera que este proyecto, trabajo y tenacidad,  tuviera el resultado , para que el sistema municipal para el Desarrollo Integral de la Familia (DIF) de esta localidad, pusiera en servicio la  \u201cUnidad en Detecci\u00f3n Materno Fetal\u201d.<\/p>\n","protected":false},"author":3,"featured_media":369997,"comment_status":"open","ping_status":"open","sticky":false,"template":"","format":"standard","meta":{"_monsterinsights_skip_tracking":false,"_monsterinsights_sitenote_active":false,"_monsterinsights_sitenote_note":"","_monsterinsights_sitenote_category":0,"footnotes":""},"categories":[35155],"tags":[43675,72152,970],"class_list":["post-369893","post","type-post","status-publish","format-standard","has-post-thumbnail","hentry","category-estado-de-mexico-estado-de-mexico","tag-estado-de-mexico","tag-feto","tag-naucalpan"],"_links":{"self":[{"href":"https:\/\/www.diarioimagen.net\/index.php?rest_route=\/wp\/v2\/posts\/369893","targetHints":{"allow":["GET"]}}],"collection":[{"href":"https:\/\/www.diarioimagen.net\/index.php?rest_route=\/wp\/v2\/posts"}],"about":[{"href":"https:\/\/www.diarioimagen.net\/index.php?rest_route=\/wp\/v2\/types\/post"}],"author":[{"embeddable":true,"href":"https:\/\/www.diarioimagen.net\/index.php?rest_route=\/wp\/v2\/users\/3"}],"replies":[{"embeddable":true,"href":"https:\/\/www.diarioimagen.net\/index.php?rest_route=%2Fwp%2Fv2%2Fcomments&post=369893"}],"version-history":[{"count":0,"href":"https:\/\/www.diarioimagen.net\/index.php?rest_route=\/wp\/v2\/posts\/369893\/revisions"}],"wp:featuredmedia":[{"embeddable":true,"href":"https:\/\/www.diarioimagen.net\/index.php?rest_route=\/wp\/v2\/media\/369997"}],"wp:attachment":[{"href":"https:\/\/www.diarioimagen.net\/index.php?rest_route=%2Fwp%2Fv2%2Fmedia&parent=369893"}],"wp:term":[{"taxonomy":"category","embeddable":true,"href":"https:\/\/www.diarioimagen.net\/index.php?rest_route=%2Fwp%2Fv2%2Fcategories&post=369893"},{"taxonomy":"post_tag","embeddable":true,"href":"https:\/\/www.diarioimagen.net\/index.php?rest_route=%2Fwp%2Fv2%2Ftags&post=369893"}],"curies":[{"name":"wp","href":"https:\/\/api.w.org\/{rel}","templated":true}]}}