{"id":369923,"date":"2018-03-27T00:03:28","date_gmt":"2018-03-27T06:03:28","guid":{"rendered":"http:\/\/www.diarioimagen.net\/?p=369923"},"modified":"2018-03-27T05:48:09","modified_gmt":"2018-03-27T11:48:09","slug":"semana-santa","status":"publish","type":"post","link":"https:\/\/www.diarioimagen.net\/?p=369923","title":{"rendered":"Semana Santa"},"content":{"rendered":"<h2>Folclor urbano<\/h2>\n<h5>Salvador Estrada<\/h5>\n<p>&nbsp;<\/p>\n<p>Empieza la Semana Santa y los turistas y los vacacionistas volver\u00e1n a recorrer el \u201cviacrucis\u201d por los abusos de los vendedores de servicios y porque tienen que pagar cara su diversi\u00f3n.<\/p>\n<p>Las autoridades anuncian que las playas y los centros recreativos contar\u00e1n con mayor vigilancia polic\u00edaca, a fin de que tengan confianza los paseantes y se diviertan sin ninguna preocupaci\u00f3n.<\/p>\n<p>Sin embargo, los precios en hoteles y centros de diversi\u00f3n son excesivos y no hay control sobre ellos y si hay mal trato o abuso las quejas las recibir\u00e1 la Procuradur\u00eda Federal del Consumidor y hasta ah\u00ed. Los afectados no ver\u00e1n un resultado favorable para ellos, porque s\u00f3lo se multar\u00e1 a los infractores, si los hay, \u00bfverdad?<\/p>\n<p>A los paseantes en esta Semana Mayor, la mayor\u00eda son creyentes, practican la fe cristiana, se olvidan de sus creencias y \u201cle dan vuelo a la hilacha\u201d y se endrogan por tanto gasto y su tarjeta de cr\u00e9dito queda saturada.<\/p>\n<p>Despu\u00e9s llegar\u00e1 el arrepentimiento \u201cya no vuelvo a salir en Semana Santa\u201d. \u201cEs una locura. Gente por todos lados, los servicios p\u00e9simos y los precios por las nubes\u201d.<\/p>\n<p>Los cristianos que se quedaron en la Ciudad de M\u00e9xico acudir\u00e1n a sus templos a cumplir con su religi\u00f3n y a reflexionar sobre la Semana Santa y la Pasi\u00f3n de Cristo.<\/p>\n<p>Y\u00a0en todos los templos, los fieles acudir\u00e1n \u00a0a orar por los malos y por los buenos y por el fin de las guerras y por los pobres y por los enfermos y por la salvaci\u00f3n del mundo y por los que no tienen trabajo y por los gobernantes para que cumplan su deber y ya no roben \u00a0y por el fin de los feminicidios y de los c\u00e1rteles de la droga y por la seguridad y el combate a la corrupci\u00f3n y a la impunidad y\u2026<\/p>\n<p>Con tantas peticiones, el\u00a0Se\u00f1or est\u00e1 muy ocupado en atenderlas y realmente no toma en cuenta a los vacacionistas, quienes expiar\u00e1n su culpa al regreso a sus hogares. \u201cCansados de sus vacaciones\u201d, viajan en su auto y las casetas y las carreteras est\u00e1n con tr\u00e1nsito abundante, con una circulaci\u00f3n, lenta, lenta, lenta. Y los paseantes, hartos de tanto gent\u00edo, anhelan estar ya en su casita\u201d.<\/p>\n<p>Al regreso, los menos socorridos de la fortuna ir\u00e1n al Montep\u00edo para obtener alg\u00fan dinero y con \u00e9l pagar sus tarjetas de cr\u00e9dito, bueno, darles un abonito, porque la deuda creci\u00f3 como una ola en el Revolcadero.<\/p>\n<p>As\u00ed son las vacaciones de la Semana Mayor y as\u00ed ser\u00e1n porque es costumbre, tradici\u00f3n y arrepentimiento, por lo cual en la Semana Santa lo mejor es estar en casa, meditar, reflexionar y en santa paz, cuestionarse, debido a que las campa\u00f1as pol\u00edticas arrancar\u00e1n el Viernes Santo.<\/p>\n<p>Entonces: \u00a0\u00bfa qu\u00e9 vine, por qu\u00e9 estoy aqu\u00ed, qui\u00e9n soy, a d\u00f3nde voy, por qu\u00e9 ya no le voy al PRI y entonces a qui\u00e9n le voy? \u00bfQui\u00e9n ser\u00e1 el mejor presidente, Andr\u00e9s Manuel, Meade, Anaya? No s\u00e9 por qui\u00e9n votar. \u00a0Se\u00f1or \u00a0de los cielos, ilum\u00edname. No dejes que entregue mi voto por el dinero o el regalo que me den los partidos. No permitas que me compren, Se\u00f1or, soy tu devoto, pero \u00bfdime por qui\u00e9n voto?<\/p>\n<p><em><a href=\"mailto:chavasec@yahoo.com.mx\" target=\"_blank\" rel=\"noopener noreferrer\">chavasec@yahoo.com.mx<\/a><\/em><\/p>\n","protected":false},"excerpt":{"rendered":"<p><span style=\"color: #005497;\"><strong>Salvador Estrada<\/strong><\/span><\/p>\n","protected":false},"author":3,"featured_media":0,"comment_status":"open","ping_status":"open","sticky":false,"template":"","format":"standard","meta":{"_monsterinsights_skip_tracking":false,"_monsterinsights_sitenote_active":false,"_monsterinsights_sitenote_note":"","_monsterinsights_sitenote_category":0,"footnotes":""},"categories":[41601],"tags":[41599,43674,41600],"class_list":["post-369923","post","type-post","status-publish","format-standard","hentry","category-salvador-estrada-opinion","tag-folclor-urbano","tag-opinion","tag-salvador-estrada"],"_links":{"self":[{"href":"https:\/\/www.diarioimagen.net\/index.php?rest_route=\/wp\/v2\/posts\/369923","targetHints":{"allow":["GET"]}}],"collection":[{"href":"https:\/\/www.diarioimagen.net\/index.php?rest_route=\/wp\/v2\/posts"}],"about":[{"href":"https:\/\/www.diarioimagen.net\/index.php?rest_route=\/wp\/v2\/types\/post"}],"author":[{"embeddable":true,"href":"https:\/\/www.diarioimagen.net\/index.php?rest_route=\/wp\/v2\/users\/3"}],"replies":[{"embeddable":true,"href":"https:\/\/www.diarioimagen.net\/index.php?rest_route=%2Fwp%2Fv2%2Fcomments&post=369923"}],"version-history":[{"count":0,"href":"https:\/\/www.diarioimagen.net\/index.php?rest_route=\/wp\/v2\/posts\/369923\/revisions"}],"wp:attachment":[{"href":"https:\/\/www.diarioimagen.net\/index.php?rest_route=%2Fwp%2Fv2%2Fmedia&parent=369923"}],"wp:term":[{"taxonomy":"category","embeddable":true,"href":"https:\/\/www.diarioimagen.net\/index.php?rest_route=%2Fwp%2Fv2%2Fcategories&post=369923"},{"taxonomy":"post_tag","embeddable":true,"href":"https:\/\/www.diarioimagen.net\/index.php?rest_route=%2Fwp%2Fv2%2Ftags&post=369923"}],"curies":[{"name":"wp","href":"https:\/\/api.w.org\/{rel}","templated":true}]}}