{"id":370040,"date":"2018-03-28T00:10:54","date_gmt":"2018-03-28T06:10:54","guid":{"rendered":"http:\/\/www.diarioimagen.net\/?p=370040"},"modified":"2018-03-28T00:38:47","modified_gmt":"2018-03-28T06:38:47","slug":"inicia-edomex-trabajos-para-garantizar-los-derechos-de-ninas-ninos-y-adolescentes","status":"publish","type":"post","link":"https:\/\/www.diarioimagen.net\/?p=370040","title":{"rendered":"Inician trabajos para garantizar derechos de los infantes"},"content":{"rendered":"<h2>Arco Norte<\/h2>\n<h5>Jos\u00e9 Luis Monta\u00f1ez Aguilar<\/h5>\n<p>&nbsp;<\/p>\n<div id=\"attachment_370041\" style=\"width: 470px\" class=\"wp-caption aligncenter\"><img loading=\"lazy\" decoding=\"async\" aria-describedby=\"caption-attachment-370041\" class=\"size-large wp-image-370041\" src=\"http:\/\/www.diarioimagen.net\/wp-content\/uploads\/2018\/03\/DERECHOS28-POORTAL-460x434.jpg\" alt=\"\" width=\"460\" height=\"434\" srcset=\"https:\/\/www.diarioimagen.net\/wp-content\/uploads\/2018\/03\/DERECHOS28-POORTAL-460x434.jpg 460w, https:\/\/www.diarioimagen.net\/wp-content\/uploads\/2018\/03\/DERECHOS28-POORTAL-240x227.jpg 240w, https:\/\/www.diarioimagen.net\/wp-content\/uploads\/2018\/03\/DERECHOS28-POORTAL.jpg 700w\" sizes=\"auto, (max-width: 460px) 100vw, 460px\" \/><p id=\"caption-attachment-370041\" class=\"wp-caption-text\">Iniciaron los trabajos para elaborar el Anteproyecto del Programa de Protecci\u00f3n de la ni\u00f1ez y adolescencia mexiquense 2018-2023.<\/p><\/div>\n<p>&nbsp;<\/p>\n<p>El Sistema de Protecci\u00f3n Integral de Ni\u00f1as, Ni\u00f1os y Adolescentes (SIPINNA) Estado de M\u00e9xico, inici\u00f3 los trabajos para elaborar el Anteproyecto del Programa de Protecci\u00f3n de la ni\u00f1ez y adolescencia mexiquense 2018-2023, que plantea objetivos, estrategias, l\u00edneas de acci\u00f3n e indicadores, a fin de garantizar los derechos de este sector de la poblaci\u00f3n.<\/p>\n<p>Con ello, se atiende el principio del Inter\u00e9s Superior de la Ni\u00f1ez, que busca generar estrategias y pol\u00edticas que trasciendan administraciones, articulen \u00f3rdenes de gobierno y homologuen objetivos enfocados en garantizar el ejercicio de sus derechos.<\/p>\n<p>En t\u00e9rminos de lo dispuesto por el Art\u00edculo 105 de la ley local, dicho procedimiento estar\u00e1 alineado al Plan de Desarrollo del Estado de M\u00e9xico 2017-2023 y a la Estrategia Nacional 25 al 25, propuesta que busca agrupar en 25 objetivos, un horizonte de lo que debe lograr el Estado mexicano para mejorar condiciones, posibilidades y oportunidades, Asimismo, garantizar el ejercicio, respeto, promoci\u00f3n y protecci\u00f3n integral de los derechos de ni\u00f1as, ni\u00f1os y adolescentes, contemplando adem\u00e1s la aplicaci\u00f3n de mecanismos que aseguren la participaci\u00f3n de los NNA (Ni\u00f1os, Ni\u00f1as y Adolescentes), as\u00ed como del sector privado y social.<\/p>\n<p>&nbsp;<\/p>\n<p style=\"text-align: center;\"><strong>Realizar\u00e1n 14 reciclatones en 2018<\/strong><\/p>\n<p>Con el objetivo de promover en la ciudadan\u00eda la cultura del reciclaje, respecto a la separaci\u00f3n y disposici\u00f3n final de residuos de equipos electr\u00f3nicos y el\u00e9ctricos, la Secretar\u00eda del Medio Ambiente realizar\u00e1 14 Reciclatones en el territorio mexiquense durante 2018.<\/p>\n<p>La campa\u00f1a de Mega Reciclat\u00f3n se realizar\u00e1 este a\u00f1o en 14 planteles del Colegio Nacional de Educaci\u00f3n Profesional T\u00e9cnica (CONALEP), en los Valles de M\u00e9xico y Toluca.<\/p>\n<p>En ellos se busca alcanzar la meta de acopio de 70 toneladas de desperdicio electr\u00f3nico, en los municipios de Lerma, Coacalco, Ecatepec, Tianguistenco, Tec\u00e1mac, Texcoco, Chimalhuac\u00e1n, Cuautitl\u00e1n Izcalli, Nezahualc\u00f3yotl, La Paz, Atizap\u00e1n, Toluca y Tultitl\u00e1n.<\/p>\n<p>De 2013 a 2016 en el Estado de M\u00e9xico se han llevado a cabo 25 Reciclatones en los que se acopiaron 146.10 toneladas de electrodom\u00e9stico.<\/p>\n<p>En 2017 se realizaron 12, donde se recabaron 45.5 toneladas.<\/p>\n<p><em><a href=\"mailto:montanezaguilar@gmail.com\" target=\"_blank\" rel=\"noopener noreferrer\">montanezaguilar@gmail.com<\/a><\/em><\/p>\n","protected":false},"excerpt":{"rendered":"<p><span style=\"color: #005497;\">Jos\u00e9 Luis Monta\u00f1ez Aguilar<\/span><br \/>\n<br \/>\nEl Sistema de Protecci\u00f3n Integral de Ni\u00f1as, Ni\u00f1os y Adolescentes (SIPINNA) Estado de M\u00e9xico, inici\u00f3 los trabajos para elaborar el Anteproyecto del Programa de Protecci\u00f3n de la ni\u00f1ez y adolescencia mexiquense 2018-2023, que plantea objetivos, estrategias, l\u00edneas de acci\u00f3n e indicadores, a fin de garantizar los derechos de este sector de la poblaci\u00f3n.<\/p>\n","protected":false},"author":5,"featured_media":370042,"comment_status":"open","ping_status":"open","sticky":false,"template":"","format":"standard","meta":{"_monsterinsights_skip_tracking":false,"_monsterinsights_sitenote_active":false,"_monsterinsights_sitenote_note":"","_monsterinsights_sitenote_category":0,"footnotes":""},"categories":[5],"tags":[72159,71823,6187,68269,72158],"class_list":["post-370040","post","type-post","status-publish","format-standard","has-post-thumbnail","hentry","category-estado-de-mexico","tag-derechos-de-ninas","tag-estado-de-mexico-2017-2023","tag-ninos","tag-plan-de-desarrollo","tag-trabajos-para-garantizar"],"_links":{"self":[{"href":"https:\/\/www.diarioimagen.net\/index.php?rest_route=\/wp\/v2\/posts\/370040","targetHints":{"allow":["GET"]}}],"collection":[{"href":"https:\/\/www.diarioimagen.net\/index.php?rest_route=\/wp\/v2\/posts"}],"about":[{"href":"https:\/\/www.diarioimagen.net\/index.php?rest_route=\/wp\/v2\/types\/post"}],"author":[{"embeddable":true,"href":"https:\/\/www.diarioimagen.net\/index.php?rest_route=\/wp\/v2\/users\/5"}],"replies":[{"embeddable":true,"href":"https:\/\/www.diarioimagen.net\/index.php?rest_route=%2Fwp%2Fv2%2Fcomments&post=370040"}],"version-history":[{"count":0,"href":"https:\/\/www.diarioimagen.net\/index.php?rest_route=\/wp\/v2\/posts\/370040\/revisions"}],"wp:featuredmedia":[{"embeddable":true,"href":"https:\/\/www.diarioimagen.net\/index.php?rest_route=\/wp\/v2\/media\/370042"}],"wp:attachment":[{"href":"https:\/\/www.diarioimagen.net\/index.php?rest_route=%2Fwp%2Fv2%2Fmedia&parent=370040"}],"wp:term":[{"taxonomy":"category","embeddable":true,"href":"https:\/\/www.diarioimagen.net\/index.php?rest_route=%2Fwp%2Fv2%2Fcategories&post=370040"},{"taxonomy":"post_tag","embeddable":true,"href":"https:\/\/www.diarioimagen.net\/index.php?rest_route=%2Fwp%2Fv2%2Ftags&post=370040"}],"curies":[{"name":"wp","href":"https:\/\/api.w.org\/{rel}","templated":true}]}}