{"id":370044,"date":"2018-03-28T00:09:28","date_gmt":"2018-03-28T06:09:28","guid":{"rendered":"http:\/\/www.diarioimagen.net\/?p=370044"},"modified":"2018-03-28T01:36:42","modified_gmt":"2018-03-28T07:36:42","slug":"permite-horario-de-verano-ahorrar-energia","status":"publish","type":"post","link":"https:\/\/www.diarioimagen.net\/?p=370044","title":{"rendered":"Permite Horario de Verano ahorrar energ\u00eda"},"content":{"rendered":"<ul>\n<li><em><strong>Inicia el pr\u00f3ximo domingo<\/strong><\/em><\/li>\n<\/ul>\n<p>&nbsp;<\/p>\n<div id=\"attachment_370045\" style=\"width: 470px\" class=\"wp-caption aligncenter\"><img loading=\"lazy\" decoding=\"async\" aria-describedby=\"caption-attachment-370045\" class=\"size-large wp-image-370045\" src=\"http:\/\/www.diarioimagen.net\/wp-content\/uploads\/2018\/03\/HORARIO28-PORTAL-460x268.jpg\" alt=\"\" width=\"460\" height=\"268\" srcset=\"https:\/\/www.diarioimagen.net\/wp-content\/uploads\/2018\/03\/HORARIO28-PORTAL-460x268.jpg 460w, https:\/\/www.diarioimagen.net\/wp-content\/uploads\/2018\/03\/HORARIO28-PORTAL-240x140.jpg 240w, https:\/\/www.diarioimagen.net\/wp-content\/uploads\/2018\/03\/HORARIO28-PORTAL.jpg 480w\" sizes=\"auto, (max-width: 460px) 100vw, 460px\" \/><p id=\"caption-attachment-370045\" class=\"wp-caption-text\">Se recomienda a la poblaci\u00f3n adelantar una hora los relojes la noche del s\u00e1bado 31 de marzo.<\/p><\/div>\n<p>&nbsp;<\/p>\n<p><strong>Toluca, Estado de M\u00e9xico<\/strong>.- El gobierno del Estado de M\u00e9xico, a trav\u00e9s de la Secretar\u00eda de Obra P\u00fablica, recuerda a los mexiquenses adelantar una hora su reloj la noche del 31 de marzo, pues a partir del pr\u00f3ximo domingo 1 de abril comenzar\u00e1 el Horario de Verano 2018.<\/p>\n<p>Gracias a este esfuerzo, en 2017 el Estado de M\u00e9xico logr\u00f3 ahorrar 143.9 GigaWatts-Hora (GWH), equivalente a la energ\u00eda requerida para el alumbrado p\u00fablico del municipio de Toluca durante cinco a\u00f1os.<\/p>\n<p>El beneficio ambiental fue dejar de emitir 72 mil 446 toneladas de bi\u00f3xido de carbono, lo que equivale a disminuir 1.3 millones de veh\u00edculos en el Valle de M\u00e9xico durante un a\u00f1o; adem\u00e1s, el beneficio econ\u00f3mico por reducir el consumo de energ\u00eda, corresponde a un ahorro de 197 millones de pesos.<\/p>\n<p>El principal objetivo de la implementaci\u00f3n del Horario de Verano es ahorrar energ\u00eda el\u00e9ctrica aprovechando el uso de la luz natural durante esta estaci\u00f3n del a\u00f1o, que registra los d\u00edas con mayor tiempo de luz solar.<\/p>\n<p>Nuestro pa\u00eds ha logrado importantes ahorros y forma parte de la comunidad mundial de 86 pa\u00edses que adoptan dicho horario como medida amigable con el medio ambiente.<\/p>\n","protected":false},"excerpt":{"rendered":"<p>El gobierno del Estado de M\u00e9xico, a trav\u00e9s de la Secretar\u00eda de Obra P\u00fablica, recuerda a los mexiquenses adelantar una hora su reloj la noche del 31 de marzo, pues a partir del pr\u00f3ximo domingo 1 de abril comenzar\u00e1 el Horario de Verano 2018.<\/p>\n","protected":false},"author":5,"featured_media":370045,"comment_status":"open","ping_status":"open","sticky":false,"template":"","format":"standard","meta":{"_monsterinsights_skip_tracking":false,"_monsterinsights_sitenote_active":false,"_monsterinsights_sitenote_note":"","_monsterinsights_sitenote_category":0,"footnotes":""},"categories":[35155],"tags":[43675,72161,4659,72160,452],"class_list":["post-370044","post","type-post","status-publish","format-standard","has-post-thumbnail","hentry","category-estado-de-mexico-estado-de-mexico","tag-estado-de-mexico","tag-gigawatts-hora","tag-horario-de-verano","tag-secretaria-de-obra-publica","tag-toluca"],"_links":{"self":[{"href":"https:\/\/www.diarioimagen.net\/index.php?rest_route=\/wp\/v2\/posts\/370044","targetHints":{"allow":["GET"]}}],"collection":[{"href":"https:\/\/www.diarioimagen.net\/index.php?rest_route=\/wp\/v2\/posts"}],"about":[{"href":"https:\/\/www.diarioimagen.net\/index.php?rest_route=\/wp\/v2\/types\/post"}],"author":[{"embeddable":true,"href":"https:\/\/www.diarioimagen.net\/index.php?rest_route=\/wp\/v2\/users\/5"}],"replies":[{"embeddable":true,"href":"https:\/\/www.diarioimagen.net\/index.php?rest_route=%2Fwp%2Fv2%2Fcomments&post=370044"}],"version-history":[{"count":0,"href":"https:\/\/www.diarioimagen.net\/index.php?rest_route=\/wp\/v2\/posts\/370044\/revisions"}],"wp:featuredmedia":[{"embeddable":true,"href":"https:\/\/www.diarioimagen.net\/index.php?rest_route=\/wp\/v2\/media\/370045"}],"wp:attachment":[{"href":"https:\/\/www.diarioimagen.net\/index.php?rest_route=%2Fwp%2Fv2%2Fmedia&parent=370044"}],"wp:term":[{"taxonomy":"category","embeddable":true,"href":"https:\/\/www.diarioimagen.net\/index.php?rest_route=%2Fwp%2Fv2%2Fcategories&post=370044"},{"taxonomy":"post_tag","embeddable":true,"href":"https:\/\/www.diarioimagen.net\/index.php?rest_route=%2Fwp%2Fv2%2Ftags&post=370044"}],"curies":[{"name":"wp","href":"https:\/\/api.w.org\/{rel}","templated":true}]}}