{"id":370075,"date":"2018-03-28T00:09:03","date_gmt":"2018-03-28T06:09:03","guid":{"rendered":"http:\/\/www.diarioimagen.net\/?p=370075"},"modified":"2018-03-28T03:43:38","modified_gmt":"2018-03-28T09:43:38","slug":"damnificados-capitalinos-recibieron-casa-del-invi","status":"publish","type":"post","link":"https:\/\/www.diarioimagen.net\/?p=370075","title":{"rendered":"Damnificados capitalinos recibieron casa del INVI"},"content":{"rendered":"<ul>\n<li><strong><em>Viv\u00edan en campamento desde el 85<\/em><\/strong><\/li>\n<\/ul>\n<p>&nbsp;<\/p>\n<div id=\"attachment_370156\" style=\"width: 470px\" class=\"wp-caption aligncenter\"><a href=\"http:\/\/www.diarioimagen.net\/?attachment_id=370156\" rel=\"attachment wp-att-370156\"><img loading=\"lazy\" decoding=\"async\" aria-describedby=\"caption-attachment-370156\" class=\"size-large wp-image-370156\" src=\"http:\/\/www.diarioimagen.net\/wp-content\/uploads\/2018\/03\/mancera-3336-460x259.jpg\" alt=\"\" width=\"460\" height=\"259\" srcset=\"https:\/\/www.diarioimagen.net\/wp-content\/uploads\/2018\/03\/mancera-3336-460x259.jpg 460w, https:\/\/www.diarioimagen.net\/wp-content\/uploads\/2018\/03\/mancera-3336-240x135.jpg 240w, https:\/\/www.diarioimagen.net\/wp-content\/uploads\/2018\/03\/mancera-3336-235x132.jpg 235w, https:\/\/www.diarioimagen.net\/wp-content\/uploads\/2018\/03\/mancera-3336-202x114.jpg 202w, https:\/\/www.diarioimagen.net\/wp-content\/uploads\/2018\/03\/mancera-3336-350x196.jpg 350w, https:\/\/www.diarioimagen.net\/wp-content\/uploads\/2018\/03\/mancera-3336-220x123.jpg 220w, https:\/\/www.diarioimagen.net\/wp-content\/uploads\/2018\/03\/mancera-3336-237x132.jpg 237w, https:\/\/www.diarioimagen.net\/wp-content\/uploads\/2018\/03\/mancera-3336.jpg 480w\" sizes=\"auto, (max-width: 460px) 100vw, 460px\" \/><\/a><p id=\"caption-attachment-370156\" class=\"wp-caption-text\">Miguel \u00c1ngel Mancera Espinosa encabez\u00f3 la entrega de 227 departamentos ubicados en Avenida Manuela S\u00e1enz 78, en la colonia Presidentes Ejidales, de Coyoac\u00e1n.<\/p><\/div>\n<p>&nbsp;<\/p>\n<p>Familias que durante a\u00f1os vivieron en un campamento, ahora cuentan con un hogar digno que les construy\u00f3 el Instituto de Vivienda (INVI) de la Ciudad de M\u00e9xico.<\/p>\n<p>El jefe de gobierno, Miguel \u00c1ngel Mancera Espinosa, encabez\u00f3 la entrega de 227 departamentos ubicados en Avenida Manuela S\u00e1enz 78, en la colonia Presidentes Ejidales, de la delegaci\u00f3n Coyoac\u00e1n.<\/p>\n<p>Con esta acci\u00f3n, destac\u00f3 que se retira otro campamento que ten\u00eda varios a\u00f1os.<\/p>\n<p>\u201c30 a\u00f1os de vida y 30 a\u00f1os de diferentes historias que ven\u00edan de situaciones nada agradables y lo que se vivi\u00f3 aqu\u00ed y c\u00f3mo se vivi\u00f3 aqu\u00ed. Qu\u00e9 bueno para ti que esperaste los a\u00f1os que hayan sido, a\u00f1os dif\u00edciles, a\u00f1os de sufrimiento, que ahora vienen a ser recompensados con un patrimonio para ti y para tu familia\u201d.<\/p>\n<p>\u201cQu\u00e9 bueno que puedan estar en un lugar seguro, que puedan jugar y estoy convencido de que a las familias les est\u00e1 cambiando la vida\u201d.<\/p>\n<p>El mandatario capitalino destac\u00f3 que en la presente administraci\u00f3n m\u00e1s de 10 mil familias cuentan con un hogar nuevo y digno, construido a trav\u00e9s del INVI.<\/p>\n<p>\u201cEl INVI est\u00e1 convencido que \u00e9sta es su labor. Nosotros, en este ejercicio de gobierno, hemos realizado m\u00e1s de 10 mil de estas entregas. 10 mil hemos entregado a diferentes familias. 10 mil acciones para la Ciudad de M\u00e9xico, ese fue el compromiso\u201d, indic\u00f3.<\/p>\n<p>El pr\u00f3ximo gobierno, subray\u00f3, debe tomar en cuenta que se puede hacer vivienda con calidad y con base en las nuevas normas de construcci\u00f3n de la Ciudad de M\u00e9xico.<\/p>\n<p>\u201cEl trabajo de un gobierno es ese, y el trabajo de los siguientes gobiernos en la Ciudad de M\u00e9xico hoy ya tienen una medida; es decir, de aqu\u00ed para arriba, no para abajo\u201d, afirm\u00f3. Y refiri\u00f3 que a\u00fan restan proyectos por concretarse, en los cuales se est\u00e1 trabajando.<\/p>\n<p>\u201cVamos a seguir trabajando. El gobierno de la Ciudad de M\u00e9xico tiene todav\u00eda muchos proyectos que entregar, ya hemos trazado las l\u00edneas que hay que cumplir. Ya tenemos presupuestos que ejercer y hay mucha m\u00e1s gente que vamos a seguir atendiendo en esta ciudad para otras acciones de vivienda, para la segunda etapa de aqu\u00ed. Vamos a seguir trabajando juntos y vamos a entregar todo lo que sigue\u201d.<\/p>\n<p>En ese sentido, el director general del INVI, Raymundo Collins Flores, resalt\u00f3 que este desarrollo habitacional se comenz\u00f3 en mayo del 2014, y a cuatro a\u00f1os se realiz\u00f3 esta entrega en una primera etapa, mientras que la segunda se realizar\u00e1 en breve.<\/p>\n<p>\u201cNo fue f\u00e1cil ni para las organizaciones que los representan ni para el Instituto de Vivienda haber llegado a lo que estamos llegando al d\u00eda de hoy si no hubiera sido por el apoyo completo del Jefe de Gobierno, que nos liber\u00f3 y nos aprob\u00f3 los presupuestos, en su momento, para llegar al d\u00eda de hoy\u201d.<\/p>\n<p>Sobre una superficie de 12 mil 183 metros cuadrados se desarroll\u00f3 este conjunto habitacional que consta de 28 edificios de cuatro niveles cada uno, donde se distribuyen las 227 viviendas y cinco locales comerciales.<\/p>\n<p>Adem\u00e1s, cuenta con \u00e1rea libre de m\u00e1s de 6 mil 100 metros cuadrados, donde hay dos plazas de uso com\u00fan equivalente al 50 por ciento del total del terreno.<\/p>\n<p>Cada departamento consta de dos y tres rec\u00e1maras, estancia comedor, cocina y ba\u00f1o completo; adem\u00e1s de cumplir con el desarrollo sustentable de la ciudad al contar con ecotecnolog\u00edas, que generan ahorros de hasta el 30 por ciento en el consumo de agua, energ\u00eda el\u00e9ctrica y gas.<\/p>\n<p>En este desarrollo, que beneficia a m\u00e1s de 900 personas, se aplic\u00f3 una inversi\u00f3n superior a los 113 millones de pesos. En tanto, el monto de las mensualidades para cada familia se estableci\u00f3 de acuerdo con su capacidad de pago.<\/p>\n","protected":false},"excerpt":{"rendered":"<p>Familias que durante a\u00f1os vivieron en un campamento, ahora cuentan con un hogar digno que les construy\u00f3 el Instituto de Vivienda (INVI) de la Ciudad de M\u00e9xico.<\/p>\n","protected":false},"author":3,"featured_media":370156,"comment_status":"open","ping_status":"open","sticky":false,"template":"","format":"standard","meta":{"_monsterinsights_skip_tracking":false,"_monsterinsights_sitenote_active":false,"_monsterinsights_sitenote_note":"","_monsterinsights_sitenote_category":0,"footnotes":""},"categories":[6],"tags":[204,70512,5314],"class_list":["post-370075","post","type-post","status-publish","format-standard","has-post-thumbnail","hentry","category-cd-de-mexico","tag-ciudad-de-mexico","tag-invi","tag-miguel-angel-mancera-espinosa"],"_links":{"self":[{"href":"https:\/\/www.diarioimagen.net\/index.php?rest_route=\/wp\/v2\/posts\/370075","targetHints":{"allow":["GET"]}}],"collection":[{"href":"https:\/\/www.diarioimagen.net\/index.php?rest_route=\/wp\/v2\/posts"}],"about":[{"href":"https:\/\/www.diarioimagen.net\/index.php?rest_route=\/wp\/v2\/types\/post"}],"author":[{"embeddable":true,"href":"https:\/\/www.diarioimagen.net\/index.php?rest_route=\/wp\/v2\/users\/3"}],"replies":[{"embeddable":true,"href":"https:\/\/www.diarioimagen.net\/index.php?rest_route=%2Fwp%2Fv2%2Fcomments&post=370075"}],"version-history":[{"count":0,"href":"https:\/\/www.diarioimagen.net\/index.php?rest_route=\/wp\/v2\/posts\/370075\/revisions"}],"wp:featuredmedia":[{"embeddable":true,"href":"https:\/\/www.diarioimagen.net\/index.php?rest_route=\/wp\/v2\/media\/370156"}],"wp:attachment":[{"href":"https:\/\/www.diarioimagen.net\/index.php?rest_route=%2Fwp%2Fv2%2Fmedia&parent=370075"}],"wp:term":[{"taxonomy":"category","embeddable":true,"href":"https:\/\/www.diarioimagen.net\/index.php?rest_route=%2Fwp%2Fv2%2Fcategories&post=370075"},{"taxonomy":"post_tag","embeddable":true,"href":"https:\/\/www.diarioimagen.net\/index.php?rest_route=%2Fwp%2Fv2%2Ftags&post=370075"}],"curies":[{"name":"wp","href":"https:\/\/api.w.org\/{rel}","templated":true}]}}