{"id":370100,"date":"2018-03-28T00:04:57","date_gmt":"2018-03-28T06:04:57","guid":{"rendered":"http:\/\/www.diarioimagen.net\/?p=370100"},"modified":"2018-03-28T06:31:43","modified_gmt":"2018-03-28T12:31:43","slug":"tultepec-se-compromete-a-mejorar-condiciones-para-impartir-educacion","status":"publish","type":"post","link":"https:\/\/www.diarioimagen.net\/?p=370100","title":{"rendered":"Tultepec se compromete a mejorar condiciones para impartir educaci\u00f3n"},"content":{"rendered":"<ul>\n<li><strong><em>Los planteles del municipio, lugares seguros<\/em><\/strong><\/li>\n<\/ul>\n<p>&nbsp;<\/p>\n<div id=\"attachment_370194\" style=\"width: 470px\" class=\"wp-caption aligncenter\"><a href=\"http:\/\/www.diarioimagen.net\/?attachment_id=370194\" rel=\"attachment wp-att-370194\"><img loading=\"lazy\" decoding=\"async\" aria-describedby=\"caption-attachment-370194\" class=\"size-large wp-image-370194\" src=\"http:\/\/www.diarioimagen.net\/wp-content\/uploads\/2018\/03\/TULTEPEC-3336-460x259.jpg\" alt=\"\" width=\"460\" height=\"259\" srcset=\"https:\/\/www.diarioimagen.net\/wp-content\/uploads\/2018\/03\/TULTEPEC-3336-460x259.jpg 460w, https:\/\/www.diarioimagen.net\/wp-content\/uploads\/2018\/03\/TULTEPEC-3336-240x135.jpg 240w, https:\/\/www.diarioimagen.net\/wp-content\/uploads\/2018\/03\/TULTEPEC-3336-235x132.jpg 235w, https:\/\/www.diarioimagen.net\/wp-content\/uploads\/2018\/03\/TULTEPEC-3336-202x114.jpg 202w, https:\/\/www.diarioimagen.net\/wp-content\/uploads\/2018\/03\/TULTEPEC-3336-350x196.jpg 350w, https:\/\/www.diarioimagen.net\/wp-content\/uploads\/2018\/03\/TULTEPEC-3336-220x123.jpg 220w, https:\/\/www.diarioimagen.net\/wp-content\/uploads\/2018\/03\/TULTEPEC-3336-237x132.jpg 237w, https:\/\/www.diarioimagen.net\/wp-content\/uploads\/2018\/03\/TULTEPEC-3336.jpg 480w\" sizes=\"auto, (max-width: 460px) 100vw, 460px\" \/><\/a><p id=\"caption-attachment-370194\" class=\"wp-caption-text\">Se inform\u00f3 que 20 planteles de todos los niveles acad\u00e9micos son rehabilitados en el municipio.<\/p><\/div>\n<p>&nbsp;<\/p>\n<p><strong>Tultepec, Estado de M\u00e9xico<\/strong>.- Aunque las\u00a0escuelas son responsabilidad del Estado, salvo los colegios particulares, el gobierno municipal de Tultepec siempre ha coadyuvado para mejorar la educaci\u00f3n y la dignificaci\u00f3n de los\u00a0planteles educativos\u00a0de todos los niveles acad\u00e9micos y en esta ocasi\u00f3n, la administraci\u00f3n municipal 2016-2018 no ha sido la excepci\u00f3n.<\/p>\n<p>As\u00ed lo aseguraron autoridades municipales encabezadas por el alcalde, durante una reuni\u00f3n con representantes del gobierno del Estado de M\u00e9xico, ante la preocupaci\u00f3n de algunos padres de familia por el estado que guardan las escuelas de sus hijos, tras los sismos del 19 de septiembre de 2017, que obligaron el cierre temporal de algunos planteles.<\/p>\n<p>El edil asegur\u00f3 que la administraci\u00f3n a su cargo siempre ha coadyuvado en la dignificaci\u00f3n de los planteles educativos de cualquier grado acad\u00e9mico, y esta ocasi\u00f3n no ser\u00e1 la excepci\u00f3n, por lo que las escuelas siguen siendo revisadas tras los sismos de septiembre pasado y las afectaciones que presenten rehabilitadas a la brevedad para tranquilidad de los padres de familia, y para el mejor desarrollo de las actividades escolares de sus hijos.<\/p>\n<p>Tambi\u00e9n\u00a0record\u00f3 que fue durante el anterior periodo al frente de la administraci\u00f3n municipal, que el gobierno a su cargo construy\u00f3 la Universidad Mexiquense del Bicentenario (UMB), primera escuela de nivel superior p\u00fablica en Tultepec.<\/p>\n<p>En ese entonces tambi\u00e9n se realizaron las gestiones necesarias para que se asentara en Tultepec, la segunda escuela p\u00fablica de nivel licenciatura, la Universidad Pedag\u00f3gica Nacional (UPN), con lo que j\u00f3venes locales y de municipios vecinos ya no deben realizar grandes trayectos en busca de una oportunidad de educaci\u00f3n superior.<\/p>\n<p>Ante autoridades estatales encabezadas por Rub\u00e9n Reyes Cardoso Jefe de la Unidad de Movilidad Urbana de la Secretar\u00eda de Movilidad del Estado de M\u00e9xico quien a su vez es Secretario T\u00e9cnico del gabinete regional, el ejecutivo municipal hizo un recuento de los trabajos realizados en al menos 20 planteles educativos de todos los niveles acad\u00e9micos sin distinci\u00f3n alguna, previos y posteriores a los sismos de septiembre.<\/p>\n<p>Entre estos se encuentran el jard\u00edn de ni\u00f1os Ol\u00edmpica 2014 del Fraccionamiento Paseos I, donde se demoli\u00f3 la barda perimetral y se construyeron 10 metros lineales de barda. El presidente municipal inform\u00f3 adem\u00e1s que en diversos planteles se realizaron m\u00e1s de 40 dict\u00e1menes estructurales por parte de cuatro peritos en la materia.<\/p>\n","protected":false},"excerpt":{"rendered":"<p>Aunque las escuelas son responsabilidad del Estado, salvo los colegios particulares, el gobierno municipal de Tultepec siempre ha coadyuvado para mejorar la educaci\u00f3n y la dignificaci\u00f3n de los planteles educativos de todos los niveles acad\u00e9micos y en esta ocasi\u00f3n, la administraci\u00f3n municipal 2016-2018 no ha sido la excepci\u00f3n.<\/p>\n","protected":false},"author":3,"featured_media":370194,"comment_status":"open","ping_status":"open","sticky":false,"template":"","format":"standard","meta":{"_monsterinsights_skip_tracking":false,"_monsterinsights_sitenote_active":false,"_monsterinsights_sitenote_note":"","_monsterinsights_sitenote_category":0,"footnotes":""},"categories":[35155],"tags":[71302,43694,43675,3802],"class_list":["post-370100","post","type-post","status-publish","format-standard","has-post-thumbnail","hentry","category-estado-de-mexico-estado-de-mexico","tag-condiciones","tag-educacion","tag-estado-de-mexico","tag-tultepec"],"_links":{"self":[{"href":"https:\/\/www.diarioimagen.net\/index.php?rest_route=\/wp\/v2\/posts\/370100","targetHints":{"allow":["GET"]}}],"collection":[{"href":"https:\/\/www.diarioimagen.net\/index.php?rest_route=\/wp\/v2\/posts"}],"about":[{"href":"https:\/\/www.diarioimagen.net\/index.php?rest_route=\/wp\/v2\/types\/post"}],"author":[{"embeddable":true,"href":"https:\/\/www.diarioimagen.net\/index.php?rest_route=\/wp\/v2\/users\/3"}],"replies":[{"embeddable":true,"href":"https:\/\/www.diarioimagen.net\/index.php?rest_route=%2Fwp%2Fv2%2Fcomments&post=370100"}],"version-history":[{"count":0,"href":"https:\/\/www.diarioimagen.net\/index.php?rest_route=\/wp\/v2\/posts\/370100\/revisions"}],"wp:featuredmedia":[{"embeddable":true,"href":"https:\/\/www.diarioimagen.net\/index.php?rest_route=\/wp\/v2\/media\/370194"}],"wp:attachment":[{"href":"https:\/\/www.diarioimagen.net\/index.php?rest_route=%2Fwp%2Fv2%2Fmedia&parent=370100"}],"wp:term":[{"taxonomy":"category","embeddable":true,"href":"https:\/\/www.diarioimagen.net\/index.php?rest_route=%2Fwp%2Fv2%2Fcategories&post=370100"},{"taxonomy":"post_tag","embeddable":true,"href":"https:\/\/www.diarioimagen.net\/index.php?rest_route=%2Fwp%2Fv2%2Ftags&post=370100"}],"curies":[{"name":"wp","href":"https:\/\/api.w.org\/{rel}","templated":true}]}}