{"id":370114,"date":"2018-03-28T00:07:39","date_gmt":"2018-03-28T06:07:39","guid":{"rendered":"http:\/\/www.diarioimagen.net\/?p=370114"},"modified":"2018-03-28T04:48:31","modified_gmt":"2018-03-28T10:48:31","slug":"reconstruyen-mercado-de-lo-que-se-llamo-san-bartolo-naucalpan","status":"publish","type":"post","link":"https:\/\/www.diarioimagen.net\/?p=370114","title":{"rendered":"Reconstruyen mercado de lo que se llam\u00f3 San Bartolo Naucalpan"},"content":{"rendered":"<ul>\n<li><strong><em>Con 26 millones de pesos<\/em><\/strong><\/li>\n<\/ul>\n<p>&nbsp;<\/p>\n<div id=\"attachment_370185\" style=\"width: 470px\" class=\"wp-caption aligncenter\"><a href=\"http:\/\/www.diarioimagen.net\/?attachment_id=370185\" rel=\"attachment wp-att-370185\"><img loading=\"lazy\" decoding=\"async\" aria-describedby=\"caption-attachment-370185\" class=\"size-large wp-image-370185\" src=\"http:\/\/www.diarioimagen.net\/wp-content\/uploads\/2018\/03\/NAUCALPAN-3336-460x259.jpg\" alt=\"\" width=\"460\" height=\"259\" srcset=\"https:\/\/www.diarioimagen.net\/wp-content\/uploads\/2018\/03\/NAUCALPAN-3336-460x259.jpg 460w, https:\/\/www.diarioimagen.net\/wp-content\/uploads\/2018\/03\/NAUCALPAN-3336-240x135.jpg 240w, https:\/\/www.diarioimagen.net\/wp-content\/uploads\/2018\/03\/NAUCALPAN-3336-235x132.jpg 235w, https:\/\/www.diarioimagen.net\/wp-content\/uploads\/2018\/03\/NAUCALPAN-3336-202x114.jpg 202w, https:\/\/www.diarioimagen.net\/wp-content\/uploads\/2018\/03\/NAUCALPAN-3336-350x196.jpg 350w, https:\/\/www.diarioimagen.net\/wp-content\/uploads\/2018\/03\/NAUCALPAN-3336-220x123.jpg 220w, https:\/\/www.diarioimagen.net\/wp-content\/uploads\/2018\/03\/NAUCALPAN-3336-237x132.jpg 237w, https:\/\/www.diarioimagen.net\/wp-content\/uploads\/2018\/03\/NAUCALPAN-3336.jpg 480w\" sizes=\"auto, (max-width: 460px) 100vw, 460px\" \/><\/a><p id=\"caption-attachment-370185\" class=\"wp-caption-text\">Para la rehabilitaci\u00f3n del mercado se invirtieron m\u00e1s de 26 millones de pesos de recursos propios y del Fondo Estatal de Fortalecimiento Municipal.<\/p><\/div>\n<p>&nbsp;<\/p>\n<p><strong>Naucalpan, Estado de M\u00e9xico<\/strong>.- Como parte de los trabajos del reordenamiento de Naucalpan centro, el gobierno local inaugur\u00f3 la\u00a0 modernizaci\u00f3n del mercado de San Bartolo de la cabecera municipal, en beneficio de m\u00e1s de 50 mil personas.<\/p>\n<p>La reconstrucci\u00f3n del mercado consisti\u00f3 en la colocaci\u00f3n de arco techo de 5 mil 850 metros cuadrados, construcci\u00f3n de drenaje pluvial y bocas de tormenta en el \u00e1rea de estacionamiento, desazolve y sondeo de la\u00a0 red de drenaje y registro pluvial al interior de la nave menor, as\u00ed como la rehabilitaci\u00f3n de drenaje en el \u00e1rea de cocinas, lo que ofrece un espacio m\u00e1s seguro y digno para locatarios y ciudadanos que acuden a este lugar.<\/p>\n<p>As\u00ed mismo se construyeron fachadas, piso a base de terrazo, sanitarios, banquetas y guarniciones, pavimentaci\u00f3n del estacionamiento, con cruce peatonal y accesos\u00a0 para personas discapacitadas, al tiempo que se pintaron las cortinas de locales y muros del interior, entre otras.<\/p>\n<p>El gobierno de Naucalpan inform\u00f3 que con estos trabajos se da una nueva imagen urbana a la cabecera municipal, y que para la rehabilitaci\u00f3n del mercado se invirtieron m\u00e1s de 26 millones de pesos de recursos propios y del Fondo Estatal de Fortalecimiento Municipal (FEFOM 2017).<\/p>\n<p>Adem\u00e1s, durante la entrega la administraci\u00f3n municipal inform\u00f3 que a partir del mes de abril dar\u00e1 inicio la segunda etapa de modernizaci\u00f3n del mercado de San Bartolo, donde se construir\u00e1 una nueva nave para continuar con el reordenamiento.<\/p>\n<p>Por su parte, el secretario general del mercado de la cabecera municipal, Francisco Salvador Joaqu\u00edn, agradeci\u00f3 al gobierno la magna obra, que por d\u00e9cadas han esperado, ya que esta plaza \u201ces orgullo e identidad de la demarcaci\u00f3n, y adem\u00e1s de nuestro lugar de trabajo, nuestra casa, porque aqu\u00ed hemos visto crecer\u00a0 a nuestros hijos, nuestros nietos y bisnietos\u201d.<\/p>\n<p>Con esta obra se avanza en el plan de reordenamiento de la Cabecera Municipal, lo cual se suma a la repavimentaci\u00f3n de las calles\u00a0 Morelos, Primavera y Avenida 16 de Septiembre, con lo que se busca recuperar la belleza\u00a0 e identidad\u00a0 de esta importante zona de la localidad.<\/p>\n<p>Cabe mencionar que para que los naucalpenses se sientan m\u00e1s seguros, este Gobierno implementa operativos permanentes como Transporte Seguro, Moto Segura y Sendero Seguro, entre otros, adem\u00e1s de que ya cuenta con una Academia de Polic\u00eda para la capacitaci\u00f3n y profesionalizaci\u00f3n de sus elementos.<\/p>\n","protected":false},"excerpt":{"rendered":"<p>Como parte de los trabajos del reordenamiento de Naucalpan centro, el gobierno local inaugur\u00f3 la  modernizaci\u00f3n del mercado de San Bartolo de la cabecera municipal, en beneficio de m\u00e1s de 50 mil personas.<\/p>\n","protected":false},"author":3,"featured_media":370185,"comment_status":"open","ping_status":"open","sticky":false,"template":"","format":"standard","meta":{"_monsterinsights_skip_tracking":false,"_monsterinsights_sitenote_active":false,"_monsterinsights_sitenote_note":"","_monsterinsights_sitenote_category":0,"footnotes":""},"categories":[35155],"tags":[43675,970,63185],"class_list":["post-370114","post","type-post","status-publish","format-standard","has-post-thumbnail","hentry","category-estado-de-mexico-estado-de-mexico","tag-estado-de-mexico","tag-naucalpan","tag-reordenamiento"],"_links":{"self":[{"href":"https:\/\/www.diarioimagen.net\/index.php?rest_route=\/wp\/v2\/posts\/370114","targetHints":{"allow":["GET"]}}],"collection":[{"href":"https:\/\/www.diarioimagen.net\/index.php?rest_route=\/wp\/v2\/posts"}],"about":[{"href":"https:\/\/www.diarioimagen.net\/index.php?rest_route=\/wp\/v2\/types\/post"}],"author":[{"embeddable":true,"href":"https:\/\/www.diarioimagen.net\/index.php?rest_route=\/wp\/v2\/users\/3"}],"replies":[{"embeddable":true,"href":"https:\/\/www.diarioimagen.net\/index.php?rest_route=%2Fwp%2Fv2%2Fcomments&post=370114"}],"version-history":[{"count":0,"href":"https:\/\/www.diarioimagen.net\/index.php?rest_route=\/wp\/v2\/posts\/370114\/revisions"}],"wp:featuredmedia":[{"embeddable":true,"href":"https:\/\/www.diarioimagen.net\/index.php?rest_route=\/wp\/v2\/media\/370185"}],"wp:attachment":[{"href":"https:\/\/www.diarioimagen.net\/index.php?rest_route=%2Fwp%2Fv2%2Fmedia&parent=370114"}],"wp:term":[{"taxonomy":"category","embeddable":true,"href":"https:\/\/www.diarioimagen.net\/index.php?rest_route=%2Fwp%2Fv2%2Fcategories&post=370114"},{"taxonomy":"post_tag","embeddable":true,"href":"https:\/\/www.diarioimagen.net\/index.php?rest_route=%2Fwp%2Fv2%2Ftags&post=370114"}],"curies":[{"name":"wp","href":"https:\/\/api.w.org\/{rel}","templated":true}]}}