{"id":370116,"date":"2018-03-28T00:08:52","date_gmt":"2018-03-28T06:08:52","guid":{"rendered":"http:\/\/www.diarioimagen.net\/?p=370116"},"modified":"2018-03-28T04:31:30","modified_gmt":"2018-03-28T10:31:30","slug":"continua-tultitlan-con-la-rehabilitacion-de-avenidas-importantes","status":"publish","type":"post","link":"https:\/\/www.diarioimagen.net\/?p=370116","title":{"rendered":"Contin\u00faa Tultitl\u00e1n con la rehabilitaci\u00f3n de avenidas importantes"},"content":{"rendered":"<p><a href=\"http:\/\/www.diarioimagen.net\/?attachment_id=370182\" rel=\"attachment wp-att-370182\"><img loading=\"lazy\" decoding=\"async\" class=\"aligncenter size-large wp-image-370182\" src=\"http:\/\/www.diarioimagen.net\/wp-content\/uploads\/2018\/03\/TULTITLAN-3336-460x259.jpg\" alt=\"\" width=\"460\" height=\"259\" srcset=\"https:\/\/www.diarioimagen.net\/wp-content\/uploads\/2018\/03\/TULTITLAN-3336-460x259.jpg 460w, https:\/\/www.diarioimagen.net\/wp-content\/uploads\/2018\/03\/TULTITLAN-3336-240x135.jpg 240w, https:\/\/www.diarioimagen.net\/wp-content\/uploads\/2018\/03\/TULTITLAN-3336-235x132.jpg 235w, https:\/\/www.diarioimagen.net\/wp-content\/uploads\/2018\/03\/TULTITLAN-3336-202x114.jpg 202w, https:\/\/www.diarioimagen.net\/wp-content\/uploads\/2018\/03\/TULTITLAN-3336-350x196.jpg 350w, https:\/\/www.diarioimagen.net\/wp-content\/uploads\/2018\/03\/TULTITLAN-3336-220x123.jpg 220w, https:\/\/www.diarioimagen.net\/wp-content\/uploads\/2018\/03\/TULTITLAN-3336-237x132.jpg 237w, https:\/\/www.diarioimagen.net\/wp-content\/uploads\/2018\/03\/TULTITLAN-3336.jpg 480w\" sizes=\"auto, (max-width: 460px) 100vw, 460px\" \/><\/a><\/p>\n<p>&nbsp;<\/p>\n<p><strong>Tultitl\u00e1n, Estado de M\u00e9xico<\/strong><strong>.-<\/strong> La actual administraci\u00f3n 2016-2018 de Ad\u00e1n Barr\u00f3n Elizalde, arranc\u00f3 obra de las avenidas Margarita Maza de Ju\u00e1rez, Josefa Ortiz de Dom\u00ednguez y Morelia, que beneficia\u00a0 a 18 mil 564\u00a0 personas que habitan la zona sur del municipio.<\/p>\n<p>El alcalde coment\u00f3 que esta administraci\u00f3n trabajar\u00e1 hasta el \u00faltimo d\u00eda de este trienio para cumplir con todos los compromisos adquiridos y as\u00ed ofrecer mejores servicios a las y los tultitlenses que confiaron en este gobierno.<\/p>\n","protected":false},"excerpt":{"rendered":"<p>La actual administraci\u00f3n 2016-2018 de Ad\u00e1n Barr\u00f3n Elizalde, arranc\u00f3 obra de las avenidas Margarita Maza de Ju\u00e1rez, Josefa Ortiz de Dom\u00ednguez y Morelia, que beneficia  a 18 mil 564  personas que habitan la zona sur del municipio.<\/p>\n","protected":false},"author":3,"featured_media":370182,"comment_status":"open","ping_status":"open","sticky":false,"template":"","format":"standard","meta":{"_monsterinsights_skip_tracking":false,"_monsterinsights_sitenote_active":false,"_monsterinsights_sitenote_note":"","_monsterinsights_sitenote_category":0,"footnotes":""},"categories":[35155],"tags":[43675,8519,578],"class_list":["post-370116","post","type-post","status-publish","format-standard","has-post-thumbnail","hentry","category-estado-de-mexico-estado-de-mexico","tag-estado-de-mexico","tag-rehabilitacion","tag-tultitlan"],"_links":{"self":[{"href":"https:\/\/www.diarioimagen.net\/index.php?rest_route=\/wp\/v2\/posts\/370116","targetHints":{"allow":["GET"]}}],"collection":[{"href":"https:\/\/www.diarioimagen.net\/index.php?rest_route=\/wp\/v2\/posts"}],"about":[{"href":"https:\/\/www.diarioimagen.net\/index.php?rest_route=\/wp\/v2\/types\/post"}],"author":[{"embeddable":true,"href":"https:\/\/www.diarioimagen.net\/index.php?rest_route=\/wp\/v2\/users\/3"}],"replies":[{"embeddable":true,"href":"https:\/\/www.diarioimagen.net\/index.php?rest_route=%2Fwp%2Fv2%2Fcomments&post=370116"}],"version-history":[{"count":0,"href":"https:\/\/www.diarioimagen.net\/index.php?rest_route=\/wp\/v2\/posts\/370116\/revisions"}],"wp:featuredmedia":[{"embeddable":true,"href":"https:\/\/www.diarioimagen.net\/index.php?rest_route=\/wp\/v2\/media\/370182"}],"wp:attachment":[{"href":"https:\/\/www.diarioimagen.net\/index.php?rest_route=%2Fwp%2Fv2%2Fmedia&parent=370116"}],"wp:term":[{"taxonomy":"category","embeddable":true,"href":"https:\/\/www.diarioimagen.net\/index.php?rest_route=%2Fwp%2Fv2%2Fcategories&post=370116"},{"taxonomy":"post_tag","embeddable":true,"href":"https:\/\/www.diarioimagen.net\/index.php?rest_route=%2Fwp%2Fv2%2Ftags&post=370116"}],"curies":[{"name":"wp","href":"https:\/\/api.w.org\/{rel}","templated":true}]}}