{"id":370251,"date":"2018-04-02T00:06:47","date_gmt":"2018-04-02T05:06:47","guid":{"rendered":"http:\/\/www.diarioimagen.net\/?p=370251"},"modified":"2018-04-02T22:53:16","modified_gmt":"2018-04-03T03:53:16","slug":"anaya-promete-salario-igual-para-hombres-y-mujeres","status":"publish","type":"post","link":"https:\/\/www.diarioimagen.net\/?p=370251","title":{"rendered":"Anaya ofrece salario igual para hombres y mujeres"},"content":{"rendered":"<ul>\n<li><strong><em>Dar\u00e1 diario conferencias ma\u00f1aneras en campa\u00f1a<\/em><\/strong><\/li>\n<\/ul>\n<p>&nbsp;<\/p>\n<div id=\"attachment_370252\" style=\"width: 470px\" class=\"wp-caption aligncenter\"><img loading=\"lazy\" decoding=\"async\" aria-describedby=\"caption-attachment-370252\" class=\"wp-image-370252 size-large\" src=\"http:\/\/www.diarioimagen.net\/wp-content\/uploads\/2018\/04\/ANAYA2-portal-460x268.jpg\" alt=\"\" width=\"460\" height=\"268\" srcset=\"https:\/\/www.diarioimagen.net\/wp-content\/uploads\/2018\/04\/ANAYA2-portal-460x268.jpg 460w, https:\/\/www.diarioimagen.net\/wp-content\/uploads\/2018\/04\/ANAYA2-portal-240x140.jpg 240w, https:\/\/www.diarioimagen.net\/wp-content\/uploads\/2018\/04\/ANAYA2-portal.jpg 480w\" sizes=\"auto, (max-width: 460px) 100vw, 460px\" \/><p id=\"caption-attachment-370252\" class=\"wp-caption-text\">Ricardo Anaya se reuni\u00f3 con habitantes de San Juan de los Lagos, quienes le expusieron diversas problem\u00e1ticas en la regi\u00f3n.<\/p><\/div>\n<p>&nbsp;<\/p>\n<p>Ricardo Anaya Cort\u00e9s, candidato de la coalici\u00f3n Por M\u00e9xico al Frente a la Presidencia de la Rep\u00fablica, expres\u00f3 que una de sus principales propuestas es el apoyo a las mujeres, y consider\u00f3 que merecen ganar lo mismo que los hombres.<\/p>\n<p>A\u00f1adi\u00f3 que \u201cvamos a ser un gobierno que va a poner en el centro de la atenci\u00f3n a las mujeres, ya que merecen una vida sin violencia y merecen ganar lo mismo que los hombres a trabajo igual\u201d.<\/p>\n<p>Mencion\u00f3 que en caso de ganar la Presidencia de la Rep\u00fablica habr\u00e1 un cambio en M\u00e9xico, y mejorar\u00e1 la calidad de vida de los mexicanos.<\/p>\n<p>Coment\u00f3 que siente muy contento y entusiasmado con este arranque de campa\u00f1a, \u201cconvencido de que vamos a ganar y vamos llevar a M\u00e9xico al cambio que necesita\u201d.<\/p>\n<p>El abanderado panista asegur\u00f3 que durante los pr\u00f3ximos 3 meses ofrecer\u00e1 una conferencia diaria a las 7:00 horas para presentar una soluci\u00f3n a un problema del pa\u00eds.<\/p>\n<p>\u201cNosotros vamos a hacer una campa\u00f1a de propuestas les anunci\u00f3 que todos los d\u00edas de la campa\u00f1a vamos a hacer una conferencia a las 7 en punto de la ma\u00f1ana. Cada d\u00eda una propuesta para resolver un problema de nuestro pa\u00eds, porque M\u00e9xico ya est\u00e1 harto de los discursos huecos de los pol\u00edticos.<\/p>\n<p>El aspirante presidencial asisti\u00f3 el domingo al arranque de campa\u00f1a del candidato del PAN a gobernador de Jalisco, Miguel \u00c1ngel Mart\u00ednez Espinosa, en la Plaza de Armas, en San Juan de los Lagos.<\/p>\n<p>Se\u00f1al\u00f3 que decidieron iniciar el primer minuto de su campa\u00f1a no con el mitin tradicional, sino en un evento con j\u00f3venes, \u201cdurante 12 horas ininterrumpidas con conferencias, talleres, mesas redondas y trabajo en equipo, se obtuvieron soluciones creativas para los grandes problemas que tiene nuestro pa\u00eds\u201d.<\/p>\n<p>Resalt\u00f3 que \u00e9l es candidato de una coalici\u00f3n muy amplia, integrada por el PAN, Movimiento Ciudadano y el PRD, en algunos cargos locales los partidos van por separado, \u201cpero yo estar\u00e9 acompa\u00f1ando a los candidatos de las tres fuerzas pol\u00edticas convencido de que vamos a ganar de manera contundente en el estado de Jalisco\u201d.<\/p>\n<p>\u201cNecesitamos una nueva relaci\u00f3n de responsabilidad compartida y de respeto mutuo\u201d.<\/p>\n<p>Despu\u00e9s de su evento en el municipio de San Juan de los Lagos se traslad\u00f3 a la ciudad de Celaya, Guanajuato, \u201cvamos a tambor batiente, con mucha fuerza a ganar la Presidencia de la Rep\u00fablica\u201d.<\/p>\n<p>Por la ma\u00f1ana, Anaya Cort\u00e9s\u00a0 respondi\u00f3 al amago en Twitter del presidente de Estados Unidos, Donald Trump, quien dijo que pondr\u00e1 fin al Tratado de Libre Comercio de Am\u00e9rica del Norte, a menos que el pa\u00eds haga m\u00e1s para evitar que su gente cruce hacia Estados Unidos.<\/p>\n<p>\u201cM\u00e9xico tiene que asumir una postura de firmeza y dignidad frente a la amenazas del presidente de Estados Unidos, Donald Trump\u201d, asegur\u00f3 el candidato de la coalici\u00f3n Por M\u00e9xico al Frente.<\/p>\n<p>El aspirante a la Presidencia dijo entender que al presidente Trump le preocupe el problema de la migraci\u00f3n indocumentada, pero dijo que a M\u00e9xico le preocupan otras problem\u00e1ticas como el tr\u00e1fico de armas.<\/p>\n<p>\u201cEl 80 por ciento de las armas con las cuales se asesina gente en nuestro pa\u00eds proviene de Estados Unidos. Necesitamos una nueva relaci\u00f3n de responsabilidad compartida y de respeto mutuo\u201d.<\/p>\n","protected":false},"excerpt":{"rendered":"<p>Ricardo Anaya Cort\u00e9s, candidato de la coalici\u00f3n Por M\u00e9xico al Frente a la Presidencia de la Rep\u00fablica, expres\u00f3 que una de sus principales propuestas es el apoyo a las mujeres, y consider\u00f3 que merecen ganar lo mismo que los hombres.<\/p>\n","protected":false},"author":5,"featured_media":370252,"comment_status":"open","ping_status":"open","sticky":false,"template":"","format":"standard","meta":{"_monsterinsights_skip_tracking":false,"footnotes":""},"categories":[3],"tags":[1921,7347,25713],"class_list":["post-370251","post","type-post","status-publish","format-standard","has-post-thumbnail","hentry","category-nacional","tag-mujeres","tag-ricardo-anaya-cortes","tag-salario"],"_links":{"self":[{"href":"https:\/\/www.diarioimagen.net\/index.php?rest_route=\/wp\/v2\/posts\/370251","targetHints":{"allow":["GET"]}}],"collection":[{"href":"https:\/\/www.diarioimagen.net\/index.php?rest_route=\/wp\/v2\/posts"}],"about":[{"href":"https:\/\/www.diarioimagen.net\/index.php?rest_route=\/wp\/v2\/types\/post"}],"author":[{"embeddable":true,"href":"https:\/\/www.diarioimagen.net\/index.php?rest_route=\/wp\/v2\/users\/5"}],"replies":[{"embeddable":true,"href":"https:\/\/www.diarioimagen.net\/index.php?rest_route=%2Fwp%2Fv2%2Fcomments&post=370251"}],"version-history":[{"count":0,"href":"https:\/\/www.diarioimagen.net\/index.php?rest_route=\/wp\/v2\/posts\/370251\/revisions"}],"wp:featuredmedia":[{"embeddable":true,"href":"https:\/\/www.diarioimagen.net\/index.php?rest_route=\/wp\/v2\/media\/370252"}],"wp:attachment":[{"href":"https:\/\/www.diarioimagen.net\/index.php?rest_route=%2Fwp%2Fv2%2Fmedia&parent=370251"}],"wp:term":[{"taxonomy":"category","embeddable":true,"href":"https:\/\/www.diarioimagen.net\/index.php?rest_route=%2Fwp%2Fv2%2Fcategories&post=370251"},{"taxonomy":"post_tag","embeddable":true,"href":"https:\/\/www.diarioimagen.net\/index.php?rest_route=%2Fwp%2Fv2%2Ftags&post=370251"}],"curies":[{"name":"wp","href":"https:\/\/api.w.org\/{rel}","templated":true}]}}