{"id":370272,"date":"2018-04-02T00:11:53","date_gmt":"2018-04-02T05:11:53","guid":{"rendered":"http:\/\/www.diarioimagen.net\/?p=370272"},"modified":"2018-04-02T07:15:52","modified_gmt":"2018-04-02T12:15:52","slug":"recomendaciones-de-proteccion-civil-para-unas-vacaciones-seguras","status":"publish","type":"post","link":"https:\/\/www.diarioimagen.net\/?p=370272","title":{"rendered":"Recomendaciones de Protecci\u00f3n Civil para unas vacaciones seguras"},"content":{"rendered":"<ul>\n<li><strong><em>Programa de prevenci\u00f3n, en conjunto con autoridades municipales y federales<\/em><\/strong><\/li>\n<\/ul>\n<p>&nbsp;<\/p>\n<div id=\"attachment_370361\" style=\"width: 470px\" class=\"wp-caption aligncenter\"><a href=\"http:\/\/www.diarioimagen.net\/?attachment_id=370361\" rel=\"attachment wp-att-370361\"><img loading=\"lazy\" decoding=\"async\" aria-describedby=\"caption-attachment-370361\" class=\"size-large wp-image-370361\" src=\"http:\/\/www.diarioimagen.net\/wp-content\/uploads\/2018\/04\/proteccion-3337-460x259.jpg\" alt=\"\" width=\"460\" height=\"259\" srcset=\"https:\/\/www.diarioimagen.net\/wp-content\/uploads\/2018\/04\/proteccion-3337-460x259.jpg 460w, https:\/\/www.diarioimagen.net\/wp-content\/uploads\/2018\/04\/proteccion-3337-240x135.jpg 240w, https:\/\/www.diarioimagen.net\/wp-content\/uploads\/2018\/04\/proteccion-3337-235x132.jpg 235w, https:\/\/www.diarioimagen.net\/wp-content\/uploads\/2018\/04\/proteccion-3337-202x114.jpg 202w, https:\/\/www.diarioimagen.net\/wp-content\/uploads\/2018\/04\/proteccion-3337-350x196.jpg 350w, https:\/\/www.diarioimagen.net\/wp-content\/uploads\/2018\/04\/proteccion-3337-220x123.jpg 220w, https:\/\/www.diarioimagen.net\/wp-content\/uploads\/2018\/04\/proteccion-3337-237x132.jpg 237w, https:\/\/www.diarioimagen.net\/wp-content\/uploads\/2018\/04\/proteccion-3337.jpg 480w\" sizes=\"auto, (max-width: 460px) 100vw, 460px\" \/><\/a><p id=\"caption-attachment-370361\" class=\"wp-caption-text\">La Coordinaci\u00f3n de Protecci\u00f3n Civil del Estado de M\u00e9xico emiti\u00f3 algunas recomendaciones preventivas en caso de viajar en carretera.<\/p><\/div>\n<p>&nbsp;<\/p>\n<p><strong>Toluca, Estado de M\u00e9xico<\/strong>.- Para que los mexiquenses disfruten de este periodo vacacional de Semana Santa de una forma segura, la Coordinaci\u00f3n de Protecci\u00f3n Civil del Estado de M\u00e9xico emiti\u00f3 algunas recomendaciones preventivas en caso de viajar en carretera, visitar lugares concurridos, ir a la playa o campamentos.<\/p>\n<p>La poblaci\u00f3n que asista a espacios recreativos como playas, r\u00edos, balnearios, presas y lagos debe estar siempre al pendiente de los ni\u00f1os y no dejarlos solos cerca de la orilla de estos espacios, as\u00ed como no entrar al agua despu\u00e9s de comer.<\/p>\n<p>En el caso particular de quienes van a la playa, evitar exponerse a los rayos solares entre las 11:00 y 16:00 horas, de lo contrario, utilizar gorros, sombreros y bloqueador solar, consumir suficiente l\u00edquido para evitar deshidrataci\u00f3n, no nadar bajo los efectos de bebidas alcoh\u00f3licas y por ning\u00fan motivo en zonas dedicadas a deportes acu\u00e1ticos y lanchas.<\/p>\n<p>Quienes opten por los campamentos se recomienda informar a los familiares los datos del lugar al que acudir\u00e1n, as\u00ed como la fecha de regreso, ir acompa\u00f1ados de alguna persona que conozca el sitio y que sepa de primeros auxilios, llevar un botiqu\u00edn, apagar cigarros y cerillos, no encender fogatas y evitar romper botellas, ya que esto puede ampliar los rayos solares y provocar incendios.<\/p>\n<p>Protecci\u00f3n Civil tambi\u00e9n sugiere que busquen acampar en grupos, evitando lugares despoblados, as\u00ed como llevar linterna y radio port\u00e1til con pilas nuevas y suficientes, hacer uso racional del tel\u00e9fono celular, tener un silbato como opci\u00f3n para pedir auxilio y en caso de no saber nadar, evitar caminar cerca de pozos, r\u00edos y arroyos profundos.<\/p>\n<p>Para quienes viajar\u00e1n en carretera en veh\u00edculo particular, verificar las condiciones del autom\u00f3vil y llevarlo a mantenimiento y revisi\u00f3n, portar se\u00f1ales de emergencia y llanta de refacci\u00f3n en buen estado, el equipaje debe distribuirse de manera equilibrada en la cajuela y si utiliza el portaequipaje que se ubica en la parte superior, cerciorarse de que est\u00e9 cerrado y asegurado para evitar un accidente.<\/p>\n","protected":false},"excerpt":{"rendered":"<p>Para que los mexiquenses disfruten de este periodo vacacional de Semana Santa de una forma segura, la Coordinaci\u00f3n de Protecci\u00f3n Civil del Estado de M\u00e9xico emiti\u00f3 algunas recomendaciones preventivas en caso de viajar en carretera, visitar lugares concurridos, ir a la playa o campamentos.<\/p>\n","protected":false},"author":3,"featured_media":370361,"comment_status":"open","ping_status":"open","sticky":false,"template":"","format":"standard","meta":{"_monsterinsights_skip_tracking":false,"_monsterinsights_sitenote_active":false,"_monsterinsights_sitenote_note":"","_monsterinsights_sitenote_category":0,"footnotes":""},"categories":[5],"tags":[43675,72206,452,4566],"class_list":["post-370272","post","type-post","status-publish","format-standard","has-post-thumbnail","hentry","category-estado-de-mexico","tag-estado-de-mexico","tag-pc","tag-toluca","tag-vaciones"],"_links":{"self":[{"href":"https:\/\/www.diarioimagen.net\/index.php?rest_route=\/wp\/v2\/posts\/370272","targetHints":{"allow":["GET"]}}],"collection":[{"href":"https:\/\/www.diarioimagen.net\/index.php?rest_route=\/wp\/v2\/posts"}],"about":[{"href":"https:\/\/www.diarioimagen.net\/index.php?rest_route=\/wp\/v2\/types\/post"}],"author":[{"embeddable":true,"href":"https:\/\/www.diarioimagen.net\/index.php?rest_route=\/wp\/v2\/users\/3"}],"replies":[{"embeddable":true,"href":"https:\/\/www.diarioimagen.net\/index.php?rest_route=%2Fwp%2Fv2%2Fcomments&post=370272"}],"version-history":[{"count":0,"href":"https:\/\/www.diarioimagen.net\/index.php?rest_route=\/wp\/v2\/posts\/370272\/revisions"}],"wp:featuredmedia":[{"embeddable":true,"href":"https:\/\/www.diarioimagen.net\/index.php?rest_route=\/wp\/v2\/media\/370361"}],"wp:attachment":[{"href":"https:\/\/www.diarioimagen.net\/index.php?rest_route=%2Fwp%2Fv2%2Fmedia&parent=370272"}],"wp:term":[{"taxonomy":"category","embeddable":true,"href":"https:\/\/www.diarioimagen.net\/index.php?rest_route=%2Fwp%2Fv2%2Fcategories&post=370272"},{"taxonomy":"post_tag","embeddable":true,"href":"https:\/\/www.diarioimagen.net\/index.php?rest_route=%2Fwp%2Fv2%2Ftags&post=370272"}],"curies":[{"name":"wp","href":"https:\/\/api.w.org\/{rel}","templated":true}]}}