{"id":370274,"date":"2018-04-02T00:10:08","date_gmt":"2018-04-02T05:10:08","guid":{"rendered":"http:\/\/www.diarioimagen.net\/?p=370274"},"modified":"2018-04-02T07:18:10","modified_gmt":"2018-04-02T12:18:10","slug":"capacitacion-para-mas-de-172-mil-mexiquenses","status":"publish","type":"post","link":"https:\/\/www.diarioimagen.net\/?p=370274","title":{"rendered":"Capacitaci\u00f3n para m\u00e1s de 172 mil mexiquenses"},"content":{"rendered":"<h2>Arco Norte<\/h2>\n<h5>Jos\u00e9 Luis Monta\u00f1ez Aguilar<\/h5>\n<p>&nbsp;<\/p>\n<p>La Secretar\u00eda del Trabajo estatal proyecta capacitar este a\u00f1o a m\u00e1s de 172 mil mexiquenses para impactar positivamente en su productividad laboral y que con esto cuenten con m\u00e1s opciones de desarrollo, dijo Jaime Rebollo Hern\u00e1ndez, director general del Instituto de Capacitaci\u00f3n y Adiestramiento para el Trabajo Industrial (ICATI). Respecto al cierre del ejercicio 2017, inform\u00f3 que se matricularon 172 mil 550 personas, de las cuales el 71 por ciento son mujeres, es decir 122 mil 698.<\/p>\n<p>El titular del ICATI adelant\u00f3 que debido al gran impacto y aceptaci\u00f3n que hay entre las mujeres mexiquenses para capacitarse, el instituto a su cargo dise\u00f1a un nuevo plan de acci\u00f3n, que permitir\u00e1 incorporar a un mayor n\u00famero de ellas a un empleo remunerable y socialmente \u00fatil.<\/p>\n<p>Finalmente, subray\u00f3 que la mejor opci\u00f3n para quienes desean ingresar al sector laboral son las 45 Escuelas de Artes y Oficios que existen en la entidad, o bien alguna de las 17 Unidades de Capacitaci\u00f3n Externa, donde pueden ingresar a partir de los 15 a\u00f1os y sin l\u00edmite de edad o condici\u00f3n, con la ventaja de que esta formaci\u00f3n es reconocida tanto por la Secretar\u00eda de Educaci\u00f3n P\u00fablica y por la Secretar\u00eda del Trabajo y Previsi\u00f3n Social, ambas dependencias federales.<\/p>\n<p style=\"text-align: center;\"><strong>Mantiene Sedeco acercamiento con sector empresarial para generar m\u00e1s inversiones<\/strong><\/p>\n<p><a href=\"http:\/\/www.diarioimagen.net\/?attachment_id=370364\" rel=\"attachment wp-att-370364\"><img loading=\"lazy\" decoding=\"async\" class=\"aligncenter size-large wp-image-370364\" src=\"http:\/\/www.diarioimagen.net\/wp-content\/uploads\/2018\/04\/arco-3337-460x259.jpg\" alt=\"\" width=\"460\" height=\"259\" srcset=\"https:\/\/www.diarioimagen.net\/wp-content\/uploads\/2018\/04\/arco-3337-460x259.jpg 460w, https:\/\/www.diarioimagen.net\/wp-content\/uploads\/2018\/04\/arco-3337-240x135.jpg 240w, https:\/\/www.diarioimagen.net\/wp-content\/uploads\/2018\/04\/arco-3337-235x132.jpg 235w, https:\/\/www.diarioimagen.net\/wp-content\/uploads\/2018\/04\/arco-3337-202x114.jpg 202w, https:\/\/www.diarioimagen.net\/wp-content\/uploads\/2018\/04\/arco-3337-350x196.jpg 350w, https:\/\/www.diarioimagen.net\/wp-content\/uploads\/2018\/04\/arco-3337-220x123.jpg 220w, https:\/\/www.diarioimagen.net\/wp-content\/uploads\/2018\/04\/arco-3337-237x132.jpg 237w, https:\/\/www.diarioimagen.net\/wp-content\/uploads\/2018\/04\/arco-3337.jpg 480w\" sizes=\"auto, (max-width: 460px) 100vw, 460px\" \/><\/a><\/p>\n<p>La Secretar\u00eda de Desarrollo Econ\u00f3mico (Sedeco) mantiene un estrecho acercamiento con empresarios, tanto nacionales como extranjeros, para mostrarles las ventajas competitivas que existen en la entidad. Lo anterior con la finalidad de atraer inversiones en las diferentes regiones del territorio mexiquense, y abonar en el cumplimiento de los objetivos del Plan Estatal de Desarrollo.<\/p>\n<p>El titular de la Sedeco, Alberto Curi Naime, inform\u00f3 que adem\u00e1s de encuentros con empresarios que desean apostar sus capitales en la entidad, tambi\u00e9n se ha dado importancia a quienes ya est\u00e1n operando en alguno de los municipios y parques industriales mexiquenses, para que puedan ampliar sus instalaciones y generen mayor producci\u00f3n.<\/p>\n<p>Sin duda, ello redundar\u00e1 en m\u00e1s empleos y oportunidades para decenas de personas que viven en el Estado de M\u00e9xico, destac\u00f3 el funcionario, al mencionar que la Secretar\u00eda a su cargo tiene todo su empe\u00f1o puesto en fomentar la incorporaci\u00f3n de muchas m\u00e1s empresas a la entidad.<\/p>\n<p>Refiri\u00f3 que la Sedeco revisa algunos proyectos de inversi\u00f3n y reconoci\u00f3 el inter\u00e9s que existe por parte de los inversionistas por asentarse en suelo mexiquense, en donde las condiciones de infraestructura y servicios, colocan a la entidad como una de los m\u00e1s importantes del pa\u00eds.<\/p>\n<p>\u201cNo olvidemos que el Estado de M\u00e9xico es uno de los mejor comunicados y con las vialidades que se est\u00e1n construyendo y otras m\u00e1s que est\u00e1n en operaci\u00f3n, se podr\u00e1 avanzar hacia la generaci\u00f3n de un centro log\u00edstico en el que las empresas vengan y establezcan tambi\u00e9n sus centros de distribuci\u00f3n y generen desde aqu\u00ed productos que ir\u00e1n a otras entidades federativas o a otros pa\u00edses\u201d, apunt\u00f3.<\/p>\n<p><em><a href=\"mailto:montanezaguilar@gmail.com\" target=\"_blank\" rel=\"noopener noreferrer\">montanezaguilar@gmail.com<\/a><\/em><\/p>\n","protected":false},"excerpt":{"rendered":"<p><span style=\"color: #005497;\">Jos\u00e9 Luis Monta\u00f1ez Aguilar<\/span><br \/>\n<br \/>\nLa Secretar\u00eda del Trabajo estatal proyecta capacitar este a\u00f1o a m\u00e1s de 172 mil mexiquenses para impactar positivamente en su productividad laboral y que con esto cuenten con m\u00e1s opciones de desarrollo, dijo Jaime Rebollo Hern\u00e1ndez, director general del Instituto de Capacitaci\u00f3n y Adiestramiento para el Trabajo Industrial (ICATI). Respecto al cierre del ejercicio 2017, inform\u00f3 que se matricularon 172 mil 550 personas, de las cuales el 71 por ciento son mujeres, es decir 122 mil 698.<\/p>\n","protected":false},"author":3,"featured_media":370364,"comment_status":"open","ping_status":"open","sticky":false,"template":"","format":"standard","meta":{"_monsterinsights_skip_tracking":false,"_monsterinsights_sitenote_active":false,"_monsterinsights_sitenote_note":"","_monsterinsights_sitenote_category":0,"footnotes":""},"categories":[5],"tags":[13284,43704,43674],"class_list":["post-370274","post","type-post","status-publish","format-standard","has-post-thumbnail","hentry","category-estado-de-mexico","tag-arco-norte","tag-jose-luis-montanez-aguilar","tag-opinion"],"_links":{"self":[{"href":"https:\/\/www.diarioimagen.net\/index.php?rest_route=\/wp\/v2\/posts\/370274","targetHints":{"allow":["GET"]}}],"collection":[{"href":"https:\/\/www.diarioimagen.net\/index.php?rest_route=\/wp\/v2\/posts"}],"about":[{"href":"https:\/\/www.diarioimagen.net\/index.php?rest_route=\/wp\/v2\/types\/post"}],"author":[{"embeddable":true,"href":"https:\/\/www.diarioimagen.net\/index.php?rest_route=\/wp\/v2\/users\/3"}],"replies":[{"embeddable":true,"href":"https:\/\/www.diarioimagen.net\/index.php?rest_route=%2Fwp%2Fv2%2Fcomments&post=370274"}],"version-history":[{"count":0,"href":"https:\/\/www.diarioimagen.net\/index.php?rest_route=\/wp\/v2\/posts\/370274\/revisions"}],"wp:featuredmedia":[{"embeddable":true,"href":"https:\/\/www.diarioimagen.net\/index.php?rest_route=\/wp\/v2\/media\/370364"}],"wp:attachment":[{"href":"https:\/\/www.diarioimagen.net\/index.php?rest_route=%2Fwp%2Fv2%2Fmedia&parent=370274"}],"wp:term":[{"taxonomy":"category","embeddable":true,"href":"https:\/\/www.diarioimagen.net\/index.php?rest_route=%2Fwp%2Fv2%2Fcategories&post=370274"},{"taxonomy":"post_tag","embeddable":true,"href":"https:\/\/www.diarioimagen.net\/index.php?rest_route=%2Fwp%2Fv2%2Ftags&post=370274"}],"curies":[{"name":"wp","href":"https:\/\/api.w.org\/{rel}","templated":true}]}}