{"id":370286,"date":"2018-04-02T00:09:35","date_gmt":"2018-04-02T05:09:35","guid":{"rendered":"http:\/\/www.diarioimagen.net\/?p=370286"},"modified":"2018-04-03T00:08:13","modified_gmt":"2018-04-03T05:08:13","slug":"sheinbaum-asegura-que-cancelara-las-fotomultas","status":"publish","type":"post","link":"https:\/\/www.diarioimagen.net\/?p=370286","title":{"rendered":"Sheinbaum asegura que cancelar\u00e1 las fotomultas"},"content":{"rendered":"<ul>\n<li><em><strong>Presenta proyecto de campa\u00f1a<\/strong><\/em><\/li>\n<li><em><strong>Promete fortalecer fiscal\u00edas de delitos sexuales y feminicidios<\/strong><\/em><\/li>\n<\/ul>\n<p>&nbsp;<\/p>\n<div id=\"attachment_370370\" style=\"width: 470px\" class=\"wp-caption aligncenter\"><a href=\"http:\/\/www.diarioimagen.net\/?attachment_id=370370\" rel=\"attachment wp-att-370370\"><img loading=\"lazy\" decoding=\"async\" aria-describedby=\"caption-attachment-370370\" class=\"size-large wp-image-370370\" src=\"http:\/\/www.diarioimagen.net\/wp-content\/uploads\/2018\/04\/SHEINBAUM-3337-460x259.jpg\" alt=\"\" width=\"460\" height=\"259\" srcset=\"https:\/\/www.diarioimagen.net\/wp-content\/uploads\/2018\/04\/SHEINBAUM-3337-460x259.jpg 460w, https:\/\/www.diarioimagen.net\/wp-content\/uploads\/2018\/04\/SHEINBAUM-3337-240x135.jpg 240w, https:\/\/www.diarioimagen.net\/wp-content\/uploads\/2018\/04\/SHEINBAUM-3337-235x132.jpg 235w, https:\/\/www.diarioimagen.net\/wp-content\/uploads\/2018\/04\/SHEINBAUM-3337-202x114.jpg 202w, https:\/\/www.diarioimagen.net\/wp-content\/uploads\/2018\/04\/SHEINBAUM-3337-350x196.jpg 350w, https:\/\/www.diarioimagen.net\/wp-content\/uploads\/2018\/04\/SHEINBAUM-3337-220x123.jpg 220w, https:\/\/www.diarioimagen.net\/wp-content\/uploads\/2018\/04\/SHEINBAUM-3337-237x132.jpg 237w, https:\/\/www.diarioimagen.net\/wp-content\/uploads\/2018\/04\/SHEINBAUM-3337.jpg 480w\" sizes=\"auto, (max-width: 460px) 100vw, 460px\" \/><\/a><p id=\"caption-attachment-370370\" class=\"wp-caption-text\">Claudia Sheinbaum Pardo present\u00f3 su proyecto de campa\u00f1a rumbo a la jefatura de gobierno de la Ciudad de M\u00e9xico.<\/p><\/div>\n<p>&nbsp;<\/p>\n<p>La candidata de la coalici\u00f3n Juntos Haremos Historia, Claudia Sheinbaum Pardo, present\u00f3 su proyecto de campa\u00f1a rumbo a la jefatura de gobierno de la Ciudad de M\u00e9xico, comprometi\u00e9ndose a la cancelaci\u00f3n de las fotomultas.<\/p>\n<p>En su primer d\u00eda de campa\u00f1a, la ex delegada present\u00f3 distintas propuestas divididas en los ejes de innovaci\u00f3n, sustentabilidad, igualdad y justicia, honradez y gobierno abierto.<\/p>\n<p>Eliminar las fotomultas, crear cuatro l\u00edneas de cableb\u00fas, crear 300 ciberescuelas y revisar los contratos de la termovalorizadora, son algunas de las propuestas que present\u00f3 como parte de su plataforma.<\/p>\n<p>En seguridad, prometi\u00f3, se restablecer\u00e1n las reuniones del gabinete de seguridad por la ma\u00f1ana, como en tiempos de L\u00f3pez Obrador.<\/p>\n<p>Tambi\u00e9n prometi\u00f3 publicar el Atlas de Crimen en las Alcald\u00edas y fortalecer fiscal\u00edas de delitos sexuales y feminicidios.<\/p>\n<p>En sistemas de transporte, dijo que se crear\u00e1n cuatro l\u00edneas de cableb\u00fas, con un costo de 15 mil millones de pesos, y reiter\u00f3 no renovar el contrato de fotomultas en la ciudad, que vence este a\u00f1o.<\/p>\n<p>Su plataforma busca adem\u00e1s pensi\u00f3n universal a adultos mayores, construir cinco nuevas preparatorias y 300 centros comunitarios de innovaci\u00f3n social, con ciberescuelas, centro de atenci\u00f3n a distancia, centros culturales, de artes y oficios, consultorios m\u00e9dicos y centros deportivos, adem\u00e1s de aumentar un 15 por ciento el presupuesto de la Universidad Aut\u00f3noma de la Ciudad de M\u00e9xico (UACM) el primer a\u00f1o de gobierno.<\/p>\n<p>Esto, con base en un esquema de austeridad en el gobierno donde, asegur\u00f3, se pueden ahorrar 25 mil millones de pesos al a\u00f1o.\u00a0 \u201cPara nosotros, un encargo p\u00fablico es la oportunidad de hacer un gobierno abierto y poner los recursos p\u00fablicos al servicio de la gente\u201d.<\/p>\n<p>\u201cQueremos disminuir las desigualdades, ampliar los derechos sociales, fortalecer el respeto a los derechos humanos y hacer todo lo que est\u00e9 en nuestras manos para el beneficio de los habitantes de la CDMX\u201d.<\/p>\n<p>Respecto al contrato que aprob\u00f3 en octubre pasado la Asamblea Legislativa de la planta termovalorizadora para incinerar la basura de la ciudad los pr\u00f3ximos 30 a\u00f1os, Sheinbaum dijo que su proyecto no est\u00e1 a favor y se revisar\u00e1n los contratos.<\/p>\n","protected":false},"excerpt":{"rendered":"<p>La candidata de la coalici\u00f3n Juntos Haremos Historia, Claudia Sheinbaum Pardo, present\u00f3 su proyecto de campa\u00f1a rumbo a la jefatura de gobierno de la Ciudad de M\u00e9xico, comprometi\u00e9ndose a la cancelaci\u00f3n de las fotomultas.<\/p>\n","protected":false},"author":3,"featured_media":370370,"comment_status":"open","ping_status":"open","sticky":false,"template":"","format":"standard","meta":{"_monsterinsights_skip_tracking":false,"_monsterinsights_sitenote_active":false,"_monsterinsights_sitenote_note":"","_monsterinsights_sitenote_category":0,"footnotes":""},"categories":[6],"tags":[204,72207,47548],"class_list":["post-370286","post","type-post","status-publish","format-standard","has-post-thumbnail","hentry","category-cd-de-mexico","tag-ciudad-de-mexico","tag-claudia-sheinbaum-pardo","tag-fotomultas"],"_links":{"self":[{"href":"https:\/\/www.diarioimagen.net\/index.php?rest_route=\/wp\/v2\/posts\/370286","targetHints":{"allow":["GET"]}}],"collection":[{"href":"https:\/\/www.diarioimagen.net\/index.php?rest_route=\/wp\/v2\/posts"}],"about":[{"href":"https:\/\/www.diarioimagen.net\/index.php?rest_route=\/wp\/v2\/types\/post"}],"author":[{"embeddable":true,"href":"https:\/\/www.diarioimagen.net\/index.php?rest_route=\/wp\/v2\/users\/3"}],"replies":[{"embeddable":true,"href":"https:\/\/www.diarioimagen.net\/index.php?rest_route=%2Fwp%2Fv2%2Fcomments&post=370286"}],"version-history":[{"count":0,"href":"https:\/\/www.diarioimagen.net\/index.php?rest_route=\/wp\/v2\/posts\/370286\/revisions"}],"wp:featuredmedia":[{"embeddable":true,"href":"https:\/\/www.diarioimagen.net\/index.php?rest_route=\/wp\/v2\/media\/370370"}],"wp:attachment":[{"href":"https:\/\/www.diarioimagen.net\/index.php?rest_route=%2Fwp%2Fv2%2Fmedia&parent=370286"}],"wp:term":[{"taxonomy":"category","embeddable":true,"href":"https:\/\/www.diarioimagen.net\/index.php?rest_route=%2Fwp%2Fv2%2Fcategories&post=370286"},{"taxonomy":"post_tag","embeddable":true,"href":"https:\/\/www.diarioimagen.net\/index.php?rest_route=%2Fwp%2Fv2%2Ftags&post=370286"}],"curies":[{"name":"wp","href":"https:\/\/api.w.org\/{rel}","templated":true}]}}